{"id":5492,"date":"2024-09-19T15:50:38","date_gmt":"2024-09-19T13:50:38","guid":{"rendered":"https:\/\/gstf.site-preview.ch\/remise-de-la-petition-ligne-rouge-pour-la-suisse-avec-plus-de-14-000-signatures\/"},"modified":"2024-11-22T15:59:08","modified_gmt":"2024-11-22T14:59:08","slug":"remise-de-la-petition-ligne-rouge-pour-la-suisse-avec-plus-de-14-000-signatures","status":"publish","type":"post","link":"https:\/\/gstf.org\/fr\/remise-de-la-petition-ligne-rouge-pour-la-suisse-avec-plus-de-14-000-signatures\/","title":{"rendered":"Remise de la p\u00e9tition \u00ab\u00a0Ligne rouge pour la Suisse\u00a0\u00bb avec plus de 14 000 signatures"},"content":{"rendered":"\n<p><a href=\"https:\/\/gstf.org\/2024\/09\/18\/petitionsuebergabe-rote-linie-fuer-die-schweiz-mit-ueber-14000-unterschriften\/\"><\/a><\/p>\n<section class=\"indy-block-section has-white-background-color\">\n      <div class=\"indy-block-section-content\">\n\n<p>Les organisations tib\u00e9taines GSTF, TGSL et VTJE, ainsi que l&rsquo;Association Ou\u00efghoure Suisse, GfbV et Campax, ont remis aujourd&rsquo;hui (18.09) au Conseil f\u00e9d\u00e9ral et au Parlement une ligne rouge de plus de 140 m\u00e8tres de long pour les n\u00e9gociations avec la R\u00e9publique populaire de Chine.<\/p>\n\n\n\n<p><strong><a href=\"https:\/\/mailchi.mp\/d6d98c223f7c\/medienmitteilung-stossender-entscheid-zum-freihandelsabkommen-mit-china-19476363?e=f7e6d61de8\" target=\"_blank\" rel=\"noreferrer noopener\">Cliquez ici<\/a><\/strong> vous trouverez le communiqu\u00e9 de presse officiel.<\/p>\n\n\n\n<p>Les droits de l&rsquo;homme doivent constituer une ligne rouge dans les n\u00e9gociations \u00e0 venir sur le d\u00e9veloppement des relations commerciales avec la R\u00e9publique populaire de Chine.<\/p>\n\n\n\n<p><strong>Nous avons recueilli plus de 14 000 signatures pour notre <a href=\"https:\/\/gstf.org\/2024\/08\/09\/petition-keine-weiterentwicklung-des-freihandelsabkommen-mit-china-ohne-menschenrechte\/\" target=\"_blank\" rel=\"noreferrer noopener\">p\u00e9tition<\/a> au cours des derni\u00e8res semaines &#8211; cela repr\u00e9sente donc une signature par centim\u00e8tre de ligne rouge ! C&rsquo;est la longue ligne rouge que nous donnons au Conseil f\u00e9d\u00e9ral pour les n\u00e9gociations qui seront lanc\u00e9es la semaine prochaine (le 23 septembre).<\/strong><\/p>\n\n\n\n<p>Nous rappelons au Conseil f\u00e9d\u00e9ral que l&rsquo;art. 54 al. 2 est un mandat constitutionnel officiel pour prot\u00e9ger et promouvoir les droits de l&rsquo;homme &#8211; cela s&rsquo;applique \u00e9galement \u00e0 l&rsquo;organisation des relations commerciales avec la Chine.<\/p>\n\n\n\n<p><strong>Pourquoi est-ce important :<\/strong><\/p>\n\n\n\n<ul class=\"wp-block-list\">\n<li>Le Conseil f\u00e9d\u00e9ral lancera la semaine prochaine (23 septembre) les n\u00e9gociations sur l&rsquo;extension de l&rsquo;accord de libre-\u00e9change avec la R\u00e9publique populaire de Chine.<\/li>\n\n\n\n<li>Apr\u00e8s avoir longuement \u0153uvr\u00e9 \u00e0 l&rsquo;ouverture des n\u00e9gociations avec P\u00e9kin, le Conseil f\u00e9d\u00e9ral a re\u00e7u fin ao\u00fbt le feu vert final de la Commission de politique ext\u00e9rieure du Conseil national.<\/li>\n\n\n\n<li>Le Conseil f\u00e9d\u00e9ral et la Commission ont toutefois refus\u00e9 de proc\u00e9der \u00e0 une \u00e9valuation de l&rsquo;impact de l&rsquo;ALE sur les droits de l&rsquo;homme ou d&rsquo;inclure des dispositions contraignantes en la mati\u00e8re dans le mandat de n\u00e9gociation.<\/li>\n\n\n\n<li>La pression de la soci\u00e9t\u00e9 civile est donc n\u00e9cessaire pour que les droits de l&rsquo;homme ne soient pas oubli\u00e9s dans les n\u00e9gociations.<\/li>\n<\/ul>\n\n\n\n<p><strong>Le d\u00e9p\u00f4t de notre p\u00e9tition aujourd&rsquo;hui n&rsquo;est pas une fin, mais seulement un d\u00e9but :<\/strong><\/p>\n\n\n\n<ul class=\"wp-block-list\">\n<li>Le cas \u00e9ch\u00e9ant, nous envisagerons aussi s\u00e9rieusement un r\u00e9f\u00e9rendum.<\/li>\n<\/ul>\n\n\n\n<ul class=\"wp-block-list\">\n<li>Nous allons maintenant surveiller de pr\u00e8s le Conseil f\u00e9d\u00e9ral alors qu&rsquo;il n\u00e9gocie l&rsquo;accord de libre-\u00e9change avec la R\u00e9publique populaire de Chine.<\/li>\n<\/ul>\n\n\n\n<ul class=\"wp-block-list\">\n<li>Au nom de plus de 14 000 personnes en Suisse, nous disons clairement qu&rsquo;il ne peut y avoir d&rsquo;accord de libre-\u00e9change sans droits de l&rsquo;homme. Nous continuerons \u00e0 nous battre pour cela.<\/li>\n<\/ul>\n\n<\/div>\n  <\/section>\n","protected":false},"excerpt":{"rendered":"","protected":false},"author":1,"featured_media":551,"comment_status":"closed","ping_status":"closed","sticky":false,"template":"","format":"standard","meta":{"_acf_changed":false,"inline_featured_image":false,"footnotes":""},"categories":[20],"tags":[],"class_list":["post-5492","post","type-post","status-publish","format-standard","has-post-thumbnail","hentry","category-suisse"],"acf":[],"yoast_head":"<!-- This site is optimized with the Yoast SEO plugin v27.3 - https:\/\/yoast.com\/product\/yoast-seo-wordpress\/ -->\n<title>Remise de la p\u00e9tition &quot;Ligne rouge pour la Suisse&quot; avec plus de 14 000 signatures - GSTF<\/title>\n<meta name=\"robots\" content=\"index, follow, max-snippet:-1, max-image-preview:large, max-video-preview:-1\" \/>\n<link rel=\"canonical\" href=\"https:\/\/gstf.org\/fr\/remise-de-la-petition-ligne-rouge-pour-la-suisse-avec-plus-de-14-000-signatures\/\" \/>\n<meta property=\"og:locale\" content=\"fr_FR\" \/>\n<meta property=\"og:type\" content=\"article\" \/>\n<meta property=\"og:title\" content=\"Remise de la p\u00e9tition &quot;Ligne rouge pour la Suisse&quot; avec plus de 14 000 signatures - GSTF\" \/>\n<meta property=\"og:url\" content=\"https:\/\/gstf.org\/fr\/remise-de-la-petition-ligne-rouge-pour-la-suisse-avec-plus-de-14-000-signatures\/\" \/>\n<meta property=\"og:site_name\" content=\"GSTF\" \/>\n<meta property=\"article:published_time\" content=\"2024-09-19T13:50:38+00:00\" \/>\n<meta property=\"article:modified_time\" content=\"2024-11-22T14:59:08+00:00\" \/>\n<meta property=\"og:image\" content=\"https:\/\/gstf.org\/wp-content\/uploads\/2024\/09\/240918100636-lej-1260x709-1.jpg\" \/>\n\t<meta property=\"og:image:width\" content=\"1260\" \/>\n\t<meta property=\"og:image:height\" content=\"709\" \/>\n\t<meta property=\"og:image:type\" content=\"image\/jpeg\" \/>\n<meta name=\"author\" content=\"admin\" \/>\n<meta name=\"twitter:card\" content=\"summary_large_image\" \/>\n<meta name=\"twitter:label1\" content=\"\u00c9crit par\" \/>\n\t<meta name=\"twitter:data1\" content=\"admin\" \/>\n\t<meta name=\"twitter:label2\" content=\"Dur\u00e9e de lecture estim\u00e9e\" \/>\n\t<meta name=\"twitter:data2\" content=\"2 minutes\" \/>\n<script type=\"application\/ld+json\" class=\"yoast-schema-graph\">{\"@context\":\"https:\\\/\\\/schema.org\",\"@graph\":[{\"@type\":\"Article\",\"@id\":\"https:\\\/\\\/gstf.org\\\/fr\\\/remise-de-la-petition-ligne-rouge-pour-la-suisse-avec-plus-de-14-000-signatures\\\/#article\",\"isPartOf\":{\"@id\":\"https:\\\/\\\/gstf.org\\\/fr\\\/remise-de-la-petition-ligne-rouge-pour-la-suisse-avec-plus-de-14-000-signatures\\\/\"},\"author\":{\"name\":\"admin\",\"@id\":\"https:\\\/\\\/gstf.org\\\/fr\\\/#\\\/schema\\\/person\\\/67c7ae2b7567a05fa720632cf1a11bd6\"},\"headline\":\"Remise de la p\u00e9tition \u00ab\u00a0Ligne rouge pour la Suisse\u00a0\u00bb avec plus de 14 000 signatures\",\"datePublished\":\"2024-09-19T13:50:38+00:00\",\"dateModified\":\"2024-11-22T14:59:08+00:00\",\"mainEntityOfPage\":{\"@id\":\"https:\\\/\\\/gstf.org\\\/fr\\\/remise-de-la-petition-ligne-rouge-pour-la-suisse-avec-plus-de-14-000-signatures\\\/\"},\"wordCount\":434,\"image\":{\"@id\":\"https:\\\/\\\/gstf.org\\\/fr\\\/remise-de-la-petition-ligne-rouge-pour-la-suisse-avec-plus-de-14-000-signatures\\\/#primaryimage\"},\"thumbnailUrl\":\"https:\\\/\\\/gstf.org\\\/wp-content\\\/uploads\\\/2024\\\/09\\\/240918100636-lej-1260x709-1.jpg\",\"articleSection\":[\"Suisse\"],\"inLanguage\":\"fr-FR\"},{\"@type\":\"WebPage\",\"@id\":\"https:\\\/\\\/gstf.org\\\/fr\\\/remise-de-la-petition-ligne-rouge-pour-la-suisse-avec-plus-de-14-000-signatures\\\/\",\"url\":\"https:\\\/\\\/gstf.org\\\/fr\\\/remise-de-la-petition-ligne-rouge-pour-la-suisse-avec-plus-de-14-000-signatures\\\/\",\"name\":\"Remise de la p\u00e9tition \\\"Ligne rouge pour la Suisse\\\" avec plus de 14 000 signatures - GSTF\",\"isPartOf\":{\"@id\":\"https:\\\/\\\/gstf.org\\\/fr\\\/#website\"},\"primaryImageOfPage\":{\"@id\":\"https:\\\/\\\/gstf.org\\\/fr\\\/remise-de-la-petition-ligne-rouge-pour-la-suisse-avec-plus-de-14-000-signatures\\\/#primaryimage\"},\"image\":{\"@id\":\"https:\\\/\\\/gstf.org\\\/fr\\\/remise-de-la-petition-ligne-rouge-pour-la-suisse-avec-plus-de-14-000-signatures\\\/#primaryimage\"},\"thumbnailUrl\":\"https:\\\/\\\/gstf.org\\\/wp-content\\\/uploads\\\/2024\\\/09\\\/240918100636-lej-1260x709-1.jpg\",\"datePublished\":\"2024-09-19T13:50:38+00:00\",\"dateModified\":\"2024-11-22T14:59:08+00:00\",\"author\":{\"@id\":\"https:\\\/\\\/gstf.org\\\/fr\\\/#\\\/schema\\\/person\\\/67c7ae2b7567a05fa720632cf1a11bd6\"},\"breadcrumb\":{\"@id\":\"https:\\\/\\\/gstf.org\\\/fr\\\/remise-de-la-petition-ligne-rouge-pour-la-suisse-avec-plus-de-14-000-signatures\\\/#breadcrumb\"},\"inLanguage\":\"fr-FR\",\"potentialAction\":[{\"@type\":\"ReadAction\",\"target\":[\"https:\\\/\\\/gstf.org\\\/fr\\\/remise-de-la-petition-ligne-rouge-pour-la-suisse-avec-plus-de-14-000-signatures\\\/\"]}]},{\"@type\":\"ImageObject\",\"inLanguage\":\"fr-FR\",\"@id\":\"https:\\\/\\\/gstf.org\\\/fr\\\/remise-de-la-petition-ligne-rouge-pour-la-suisse-avec-plus-de-14-000-signatures\\\/#primaryimage\",\"url\":\"https:\\\/\\\/gstf.org\\\/wp-content\\\/uploads\\\/2024\\\/09\\\/240918100636-lej-1260x709-1.jpg\",\"contentUrl\":\"https:\\\/\\\/gstf.org\\\/wp-content\\\/uploads\\\/2024\\\/09\\\/240918100636-lej-1260x709-1.jpg\",\"width\":1260,\"height\":709,\"caption\":\"Dies ist eine Beschriftung\"},{\"@type\":\"BreadcrumbList\",\"@id\":\"https:\\\/\\\/gstf.org\\\/fr\\\/remise-de-la-petition-ligne-rouge-pour-la-suisse-avec-plus-de-14-000-signatures\\\/#breadcrumb\",\"itemListElement\":[{\"@type\":\"ListItem\",\"position\":1,\"name\":\"Startseite\",\"item\":\"https:\\\/\\\/gstf.org\\\/fr\\\/page-daccueil\\\/\"},{\"@type\":\"ListItem\",\"position\":2,\"name\":\"Remise de la p\u00e9tition &#8222;Ligne rouge pour la Suisse&#8220; avec plus de 14 000 signatures\"}]},{\"@type\":\"WebSite\",\"@id\":\"https:\\\/\\\/gstf.org\\\/fr\\\/#website\",\"url\":\"https:\\\/\\\/gstf.org\\\/fr\\\/\",\"name\":\"GSTF\",\"description\":\"Gesellschaft Schweizerisch-Tibetische Freundschaft\",\"potentialAction\":[{\"@type\":\"SearchAction\",\"target\":{\"@type\":\"EntryPoint\",\"urlTemplate\":\"https:\\\/\\\/gstf.org\\\/fr\\\/?s={search_term_string}\"},\"query-input\":{\"@type\":\"PropertyValueSpecification\",\"valueRequired\":true,\"valueName\":\"search_term_string\"}}],\"inLanguage\":\"fr-FR\"},{\"@type\":\"Person\",\"@id\":\"https:\\\/\\\/gstf.org\\\/fr\\\/#\\\/schema\\\/person\\\/67c7ae2b7567a05fa720632cf1a11bd6\",\"name\":\"admin\",\"image\":{\"@type\":\"ImageObject\",\"inLanguage\":\"fr-FR\",\"@id\":\"https:\\\/\\\/secure.gravatar.com\\\/avatar\\\/3d3f2fcb093e9c2d13668a154a0a0f6cd486b88af630485da5e7873949764c3a?s=96&d=mm&r=g\",\"url\":\"https:\\\/\\\/secure.gravatar.com\\\/avatar\\\/3d3f2fcb093e9c2d13668a154a0a0f6cd486b88af630485da5e7873949764c3a?s=96&d=mm&r=g\",\"contentUrl\":\"https:\\\/\\\/secure.gravatar.com\\\/avatar\\\/3d3f2fcb093e9c2d13668a154a0a0f6cd486b88af630485da5e7873949764c3a?s=96&d=mm&r=g\",\"caption\":\"admin\"},\"sameAs\":[\"https:\\\/\\\/gstf.org\"],\"url\":\"https:\\\/\\\/gstf.org\\\/fr\\\/author\\\/admin\\\/\"}]}<\/script>\n<!-- \/ Yoast SEO plugin. -->","yoast_head_json":{"title":"Remise de la p\u00e9tition \"Ligne rouge pour la Suisse\" avec plus de 14 000 signatures - GSTF","robots":{"index":"index","follow":"follow","max-snippet":"max-snippet:-1","max-image-preview":"max-image-preview:large","max-video-preview":"max-video-preview:-1"},"canonical":"https:\/\/gstf.org\/fr\/remise-de-la-petition-ligne-rouge-pour-la-suisse-avec-plus-de-14-000-signatures\/","og_locale":"fr_FR","og_type":"article","og_title":"Remise de la p\u00e9tition \"Ligne rouge pour la Suisse\" avec plus de 14 000 signatures - GSTF","og_url":"https:\/\/gstf.org\/fr\/remise-de-la-petition-ligne-rouge-pour-la-suisse-avec-plus-de-14-000-signatures\/","og_site_name":"GSTF","article_published_time":"2024-09-19T13:50:38+00:00","article_modified_time":"2024-11-22T14:59:08+00:00","og_image":[{"width":1260,"height":709,"url":"https:\/\/gstf.org\/wp-content\/uploads\/2024\/09\/240918100636-lej-1260x709-1.jpg","type":"image\/jpeg"}],"author":"admin","twitter_card":"summary_large_image","twitter_misc":{"\u00c9crit par":"admin","Dur\u00e9e de lecture estim\u00e9e":"2 minutes"},"schema":{"@context":"https:\/\/schema.org","@graph":[{"@type":"Article","@id":"https:\/\/gstf.org\/fr\/remise-de-la-petition-ligne-rouge-pour-la-suisse-avec-plus-de-14-000-signatures\/#article","isPartOf":{"@id":"https:\/\/gstf.org\/fr\/remise-de-la-petition-ligne-rouge-pour-la-suisse-avec-plus-de-14-000-signatures\/"},"author":{"name":"admin","@id":"https:\/\/gstf.org\/fr\/#\/schema\/person\/67c7ae2b7567a05fa720632cf1a11bd6"},"headline":"Remise de la p\u00e9tition \u00ab\u00a0Ligne rouge pour la Suisse\u00a0\u00bb avec plus de 14 000 signatures","datePublished":"2024-09-19T13:50:38+00:00","dateModified":"2024-11-22T14:59:08+00:00","mainEntityOfPage":{"@id":"https:\/\/gstf.org\/fr\/remise-de-la-petition-ligne-rouge-pour-la-suisse-avec-plus-de-14-000-signatures\/"},"wordCount":434,"image":{"@id":"https:\/\/gstf.org\/fr\/remise-de-la-petition-ligne-rouge-pour-la-suisse-avec-plus-de-14-000-signatures\/#primaryimage"},"thumbnailUrl":"https:\/\/gstf.org\/wp-content\/uploads\/2024\/09\/240918100636-lej-1260x709-1.jpg","articleSection":["Suisse"],"inLanguage":"fr-FR"},{"@type":"WebPage","@id":"https:\/\/gstf.org\/fr\/remise-de-la-petition-ligne-rouge-pour-la-suisse-avec-plus-de-14-000-signatures\/","url":"https:\/\/gstf.org\/fr\/remise-de-la-petition-ligne-rouge-pour-la-suisse-avec-plus-de-14-000-signatures\/","name":"Remise de la p\u00e9tition \"Ligne rouge pour la Suisse\" avec plus de 14 000 signatures - GSTF","isPartOf":{"@id":"https:\/\/gstf.org\/fr\/#website"},"primaryImageOfPage":{"@id":"https:\/\/gstf.org\/fr\/remise-de-la-petition-ligne-rouge-pour-la-suisse-avec-plus-de-14-000-signatures\/#primaryimage"},"image":{"@id":"https:\/\/gstf.org\/fr\/remise-de-la-petition-ligne-rouge-pour-la-suisse-avec-plus-de-14-000-signatures\/#primaryimage"},"thumbnailUrl":"https:\/\/gstf.org\/wp-content\/uploads\/2024\/09\/240918100636-lej-1260x709-1.jpg","datePublished":"2024-09-19T13:50:38+00:00","dateModified":"2024-11-22T14:59:08+00:00","author":{"@id":"https:\/\/gstf.org\/fr\/#\/schema\/person\/67c7ae2b7567a05fa720632cf1a11bd6"},"breadcrumb":{"@id":"https:\/\/gstf.org\/fr\/remise-de-la-petition-ligne-rouge-pour-la-suisse-avec-plus-de-14-000-signatures\/#breadcrumb"},"inLanguage":"fr-FR","potentialAction":[{"@type":"ReadAction","target":["https:\/\/gstf.org\/fr\/remise-de-la-petition-ligne-rouge-pour-la-suisse-avec-plus-de-14-000-signatures\/"]}]},{"@type":"ImageObject","inLanguage":"fr-FR","@id":"https:\/\/gstf.org\/fr\/remise-de-la-petition-ligne-rouge-pour-la-suisse-avec-plus-de-14-000-signatures\/#primaryimage","url":"https:\/\/gstf.org\/wp-content\/uploads\/2024\/09\/240918100636-lej-1260x709-1.jpg","contentUrl":"https:\/\/gstf.org\/wp-content\/uploads\/2024\/09\/240918100636-lej-1260x709-1.jpg","width":1260,"height":709,"caption":"Dies ist eine Beschriftung"},{"@type":"BreadcrumbList","@id":"https:\/\/gstf.org\/fr\/remise-de-la-petition-ligne-rouge-pour-la-suisse-avec-plus-de-14-000-signatures\/#breadcrumb","itemListElement":[{"@type":"ListItem","position":1,"name":"Startseite","item":"https:\/\/gstf.org\/fr\/page-daccueil\/"},{"@type":"ListItem","position":2,"name":"Remise de la p\u00e9tition &#8222;Ligne rouge pour la Suisse&#8220; avec plus de 14 000 signatures"}]},{"@type":"WebSite","@id":"https:\/\/gstf.org\/fr\/#website","url":"https:\/\/gstf.org\/fr\/","name":"GSTF","description":"Gesellschaft Schweizerisch-Tibetische Freundschaft","potentialAction":[{"@type":"SearchAction","target":{"@type":"EntryPoint","urlTemplate":"https:\/\/gstf.org\/fr\/?s={search_term_string}"},"query-input":{"@type":"PropertyValueSpecification","valueRequired":true,"valueName":"search_term_string"}}],"inLanguage":"fr-FR"},{"@type":"Person","@id":"https:\/\/gstf.org\/fr\/#\/schema\/person\/67c7ae2b7567a05fa720632cf1a11bd6","name":"admin","image":{"@type":"ImageObject","inLanguage":"fr-FR","@id":"https:\/\/secure.gravatar.com\/avatar\/3d3f2fcb093e9c2d13668a154a0a0f6cd486b88af630485da5e7873949764c3a?s=96&d=mm&r=g","url":"https:\/\/secure.gravatar.com\/avatar\/3d3f2fcb093e9c2d13668a154a0a0f6cd486b88af630485da5e7873949764c3a?s=96&d=mm&r=g","contentUrl":"https:\/\/secure.gravatar.com\/avatar\/3d3f2fcb093e9c2d13668a154a0a0f6cd486b88af630485da5e7873949764c3a?s=96&d=mm&r=g","caption":"admin"},"sameAs":["https:\/\/gstf.org"],"url":"https:\/\/gstf.org\/fr\/author\/admin\/"}]}},"_links":{"self":[{"href":"https:\/\/gstf.org\/fr\/wp-json\/wp\/v2\/posts\/5492","targetHints":{"allow":["GET"]}}],"collection":[{"href":"https:\/\/gstf.org\/fr\/wp-json\/wp\/v2\/posts"}],"about":[{"href":"https:\/\/gstf.org\/fr\/wp-json\/wp\/v2\/types\/post"}],"author":[{"embeddable":true,"href":"https:\/\/gstf.org\/fr\/wp-json\/wp\/v2\/users\/1"}],"replies":[{"embeddable":true,"href":"https:\/\/gstf.org\/fr\/wp-json\/wp\/v2\/comments?post=5492"}],"version-history":[{"count":1,"href":"https:\/\/gstf.org\/fr\/wp-json\/wp\/v2\/posts\/5492\/revisions"}],"predecessor-version":[{"id":5493,"href":"https:\/\/gstf.org\/fr\/wp-json\/wp\/v2\/posts\/5492\/revisions\/5493"}],"wp:featuredmedia":[{"embeddable":true,"href":"https:\/\/gstf.org\/fr\/wp-json\/wp\/v2\/media\/551"}],"wp:attachment":[{"href":"https:\/\/gstf.org\/fr\/wp-json\/wp\/v2\/media?parent=5492"}],"wp:term":[{"taxonomy":"category","embeddable":true,"href":"https:\/\/gstf.org\/fr\/wp-json\/wp\/v2\/categories?post=5492"},{"taxonomy":"post_tag","embeddable":true,"href":"https:\/\/gstf.org\/fr\/wp-json\/wp\/v2\/tags?post=5492"}],"curies":[{"name":"wp","href":"https:\/\/api.w.org\/{rel}","templated":true}]}}