{"id":6792,"date":"2024-06-10T08:47:03","date_gmt":"2024-06-10T06:47:03","guid":{"rendered":"https:\/\/gstf.site-preview.ch\/education-politique-pour-protester-contre-laccaparement-des-terres\/"},"modified":"2024-11-27T14:13:28","modified_gmt":"2024-11-27T13:13:28","slug":"education-politique-pour-protester-contre-laccaparement-des-terres","status":"publish","type":"post","link":"https:\/\/gstf.org\/fr\/education-politique-pour-protester-contre-laccaparement-des-terres\/","title":{"rendered":"\u00c9ducation politique pour protester contre l&rsquo;accaparement des terres"},"content":{"rendered":"\n<p>En avril 2024, 25 familles tib\u00e9taines du district de Markham, dans l&rsquo;est du Tibet, ont appris que leurs terres avaient \u00e9t\u00e9 vendues \u00e0 leur insu par le gouvernement local \u00e0 des hommes d&rsquo;affaires. Lors d&rsquo;une action de protestation le 10 avril, 4 Tib\u00e9tains ont \u00e9t\u00e9 arr\u00eat\u00e9s. Bien qu&rsquo;ils aient \u00e9t\u00e9 lib\u00e9r\u00e9s le 16 avril, ils ont fait \u00e9tat de mauvais traitements pendant les six jours de leur d\u00e9tention. On ne sait pas \u00e0 qui les terres ont \u00e9t\u00e9 vendues ni quels sont les projets des hommes d&rsquo;affaires non identifi\u00e9s. Les familles concern\u00e9es se sont vues proposer une indemnisation, mais elles l&rsquo;ont refus\u00e9e en raison d&rsquo;une somme bien trop faible, qui ne repr\u00e9sente gu\u00e8re plus d&rsquo;un dixi\u00e8me de la valeur estim\u00e9e des terres, d&rsquo;une superficie d&rsquo;environ 1,5 x 1 km.    <\/p>\n\n<p>Des informateurs de Radio Free Asia ont d\u00e9clar\u00e9 que les cadres du gouvernement local avaient emp\u00each\u00e9 les familles concern\u00e9es de remettre aux autorit\u00e9s sup\u00e9rieures de Chamdo et de Lhassa une p\u00e9tition demandant l&rsquo;annulation de la vente. Les cadres auraient \u00e9galement dissimul\u00e9 la spoliation des terres \u00e0 leurs autorit\u00e9s sup\u00e9rieures, affirmant qu&rsquo;il s&rsquo;agissait de \u00ab\u00a0protestations politiques\u00a0\u00bb. <\/p>\n\n<p>Le 16 avril, le comit\u00e9 local du parti a organis\u00e9 une \u00ab\u00a0session d&rsquo;\u00e9ducation politique\u00a0\u00bb avec plus de 30 cadres du parti et du gouvernement. Ces cadres ont ensuite rendu visite \u00e0 chaque foyer. Bien que le gouvernement s&rsquo;occupe des probl\u00e8mes des personnes concern\u00e9es, il leur est interdit de transmettre des informations \u00e0 l&rsquo;ext\u00e9rieur du Tibet. La transmission porte atteinte \u00e0 la \u00ab\u00a0dignit\u00e9 nationale\u00a0\u00bb et constitue donc un acte criminel. Tous devraient accepter la faible compensation, sous peine d&rsquo;\u00eatre arr\u00eat\u00e9s pour \u00ab\u00a0non-respect de la r\u00e9glementation\u00a0\u00bb. Une r\u00e9compense a \u00e9galement \u00e9t\u00e9 offerte si les habitants aidaient \u00e0 identifier les manifestants.     <\/p>\n\n<p><em>Radio Free Asia, 16 mai 2024<\/em> \/\/ Dr. Uwe Meya<\/p>\n","protected":false},"excerpt":{"rendered":"<p>En avril 2024, 25 familles tib\u00e9taines du district de Markham, dans l&rsquo;est du Tibet, ont appris que leurs terres avaient \u00e9t\u00e9 vendues \u00e0 leur insu par le gouvernement local \u00e0 des hommes d&rsquo;affaires. Lors d&rsquo;une action de protestation le 10 avril, 4 Tib\u00e9tains ont \u00e9t\u00e9 arr\u00eat\u00e9s. Bien qu&rsquo;ils aient \u00e9t\u00e9 lib\u00e9r\u00e9s le 16 avril, ils [&hellip;]<\/p>\n","protected":false},"author":1,"featured_media":6793,"comment_status":"open","ping_status":"open","sticky":false,"template":"","format":"standard","meta":{"_acf_changed":false,"inline_featured_image":false,"footnotes":""},"categories":[21],"tags":[],"class_list":["post-6792","post","type-post","status-publish","format-standard","has-post-thumbnail","hentry","category-tibet-fr"],"acf":[],"yoast_head":"<!-- This site is optimized with the Yoast SEO plugin v27.3 - https:\/\/yoast.com\/product\/yoast-seo-wordpress\/ -->\n<title>\u00c9ducation politique pour protester contre l&#039;accaparement des terres - GSTF<\/title>\n<meta name=\"robots\" content=\"index, follow, max-snippet:-1, max-image-preview:large, max-video-preview:-1\" \/>\n<link rel=\"canonical\" href=\"https:\/\/gstf.org\/fr\/education-politique-pour-protester-contre-laccaparement-des-terres\/\" \/>\n<meta property=\"og:locale\" content=\"fr_FR\" \/>\n<meta property=\"og:type\" content=\"article\" \/>\n<meta property=\"og:title\" content=\"\u00c9ducation politique pour protester contre l&#039;accaparement des terres - GSTF\" \/>\n<meta property=\"og:description\" content=\"En avril 2024, 25 familles tib\u00e9taines du district de Markham, dans l&rsquo;est du Tibet, ont appris que leurs terres avaient \u00e9t\u00e9 vendues \u00e0 leur insu par le gouvernement local \u00e0 des hommes d&rsquo;affaires. Lors d&rsquo;une action de protestation le 10 avril, 4 Tib\u00e9tains ont \u00e9t\u00e9 arr\u00eat\u00e9s. Bien qu&rsquo;ils aient \u00e9t\u00e9 lib\u00e9r\u00e9s le 16 avril, ils [&hellip;]\" \/>\n<meta property=\"og:url\" content=\"https:\/\/gstf.org\/fr\/education-politique-pour-protester-contre-laccaparement-des-terres\/\" \/>\n<meta property=\"og:site_name\" content=\"GSTF\" \/>\n<meta property=\"article:published_time\" content=\"2024-06-10T06:47:03+00:00\" \/>\n<meta property=\"article:modified_time\" content=\"2024-11-27T13:13:28+00:00\" \/>\n<meta property=\"og:image\" content=\"https:\/\/gstf.org\/wp-content\/uploads\/2024\/10\/Landraub.jpg\" \/>\n\t<meta property=\"og:image:width\" content=\"576\" \/>\n\t<meta property=\"og:image:height\" content=\"385\" \/>\n\t<meta property=\"og:image:type\" content=\"image\/jpeg\" \/>\n<meta name=\"author\" content=\"admin\" \/>\n<meta name=\"twitter:card\" content=\"summary_large_image\" \/>\n<meta name=\"twitter:label1\" content=\"\u00c9crit par\" \/>\n\t<meta name=\"twitter:data1\" content=\"admin\" \/>\n\t<meta name=\"twitter:label2\" content=\"Dur\u00e9e de lecture estim\u00e9e\" \/>\n\t<meta name=\"twitter:data2\" content=\"2 minutes\" \/>\n<script type=\"application\/ld+json\" class=\"yoast-schema-graph\">{\"@context\":\"https:\\\/\\\/schema.org\",\"@graph\":[{\"@type\":\"Article\",\"@id\":\"https:\\\/\\\/gstf.org\\\/fr\\\/education-politique-pour-protester-contre-laccaparement-des-terres\\\/#article\",\"isPartOf\":{\"@id\":\"https:\\\/\\\/gstf.org\\\/fr\\\/education-politique-pour-protester-contre-laccaparement-des-terres\\\/\"},\"author\":{\"name\":\"admin\",\"@id\":\"https:\\\/\\\/gstf.org\\\/fr\\\/#\\\/schema\\\/person\\\/67c7ae2b7567a05fa720632cf1a11bd6\"},\"headline\":\"\u00c9ducation politique pour protester contre l&rsquo;accaparement des terres\",\"datePublished\":\"2024-06-10T06:47:03+00:00\",\"dateModified\":\"2024-11-27T13:13:28+00:00\",\"mainEntityOfPage\":{\"@id\":\"https:\\\/\\\/gstf.org\\\/fr\\\/education-politique-pour-protester-contre-laccaparement-des-terres\\\/\"},\"wordCount\":327,\"commentCount\":0,\"image\":{\"@id\":\"https:\\\/\\\/gstf.org\\\/fr\\\/education-politique-pour-protester-contre-laccaparement-des-terres\\\/#primaryimage\"},\"thumbnailUrl\":\"https:\\\/\\\/gstf.org\\\/wp-content\\\/uploads\\\/2024\\\/10\\\/Landraub.jpg\",\"articleSection\":[\"Tibet\"],\"inLanguage\":\"fr-FR\",\"potentialAction\":[{\"@type\":\"CommentAction\",\"name\":\"Comment\",\"target\":[\"https:\\\/\\\/gstf.org\\\/fr\\\/education-politique-pour-protester-contre-laccaparement-des-terres\\\/#respond\"]}]},{\"@type\":\"WebPage\",\"@id\":\"https:\\\/\\\/gstf.org\\\/fr\\\/education-politique-pour-protester-contre-laccaparement-des-terres\\\/\",\"url\":\"https:\\\/\\\/gstf.org\\\/fr\\\/education-politique-pour-protester-contre-laccaparement-des-terres\\\/\",\"name\":\"\u00c9ducation politique pour protester contre l'accaparement des terres - GSTF\",\"isPartOf\":{\"@id\":\"https:\\\/\\\/gstf.org\\\/fr\\\/#website\"},\"primaryImageOfPage\":{\"@id\":\"https:\\\/\\\/gstf.org\\\/fr\\\/education-politique-pour-protester-contre-laccaparement-des-terres\\\/#primaryimage\"},\"image\":{\"@id\":\"https:\\\/\\\/gstf.org\\\/fr\\\/education-politique-pour-protester-contre-laccaparement-des-terres\\\/#primaryimage\"},\"thumbnailUrl\":\"https:\\\/\\\/gstf.org\\\/wp-content\\\/uploads\\\/2024\\\/10\\\/Landraub.jpg\",\"datePublished\":\"2024-06-10T06:47:03+00:00\",\"dateModified\":\"2024-11-27T13:13:28+00:00\",\"author\":{\"@id\":\"https:\\\/\\\/gstf.org\\\/fr\\\/#\\\/schema\\\/person\\\/67c7ae2b7567a05fa720632cf1a11bd6\"},\"breadcrumb\":{\"@id\":\"https:\\\/\\\/gstf.org\\\/fr\\\/education-politique-pour-protester-contre-laccaparement-des-terres\\\/#breadcrumb\"},\"inLanguage\":\"fr-FR\",\"potentialAction\":[{\"@type\":\"ReadAction\",\"target\":[\"https:\\\/\\\/gstf.org\\\/fr\\\/education-politique-pour-protester-contre-laccaparement-des-terres\\\/\"]}]},{\"@type\":\"ImageObject\",\"inLanguage\":\"fr-FR\",\"@id\":\"https:\\\/\\\/gstf.org\\\/fr\\\/education-politique-pour-protester-contre-laccaparement-des-terres\\\/#primaryimage\",\"url\":\"https:\\\/\\\/gstf.org\\\/wp-content\\\/uploads\\\/2024\\\/10\\\/Landraub.jpg\",\"contentUrl\":\"https:\\\/\\\/gstf.org\\\/wp-content\\\/uploads\\\/2024\\\/10\\\/Landraub.jpg\",\"width\":576,\"height\":385},{\"@type\":\"BreadcrumbList\",\"@id\":\"https:\\\/\\\/gstf.org\\\/fr\\\/education-politique-pour-protester-contre-laccaparement-des-terres\\\/#breadcrumb\",\"itemListElement\":[{\"@type\":\"ListItem\",\"position\":1,\"name\":\"Startseite\",\"item\":\"https:\\\/\\\/gstf.org\\\/fr\\\/page-daccueil\\\/\"},{\"@type\":\"ListItem\",\"position\":2,\"name\":\"\u00c9ducation politique pour protester contre l&#8217;accaparement des terres\"}]},{\"@type\":\"WebSite\",\"@id\":\"https:\\\/\\\/gstf.org\\\/fr\\\/#website\",\"url\":\"https:\\\/\\\/gstf.org\\\/fr\\\/\",\"name\":\"GSTF\",\"description\":\"Gesellschaft Schweizerisch-Tibetische Freundschaft\",\"potentialAction\":[{\"@type\":\"SearchAction\",\"target\":{\"@type\":\"EntryPoint\",\"urlTemplate\":\"https:\\\/\\\/gstf.org\\\/fr\\\/?s={search_term_string}\"},\"query-input\":{\"@type\":\"PropertyValueSpecification\",\"valueRequired\":true,\"valueName\":\"search_term_string\"}}],\"inLanguage\":\"fr-FR\"},{\"@type\":\"Person\",\"@id\":\"https:\\\/\\\/gstf.org\\\/fr\\\/#\\\/schema\\\/person\\\/67c7ae2b7567a05fa720632cf1a11bd6\",\"name\":\"admin\",\"image\":{\"@type\":\"ImageObject\",\"inLanguage\":\"fr-FR\",\"@id\":\"https:\\\/\\\/secure.gravatar.com\\\/avatar\\\/3d3f2fcb093e9c2d13668a154a0a0f6cd486b88af630485da5e7873949764c3a?s=96&d=mm&r=g\",\"url\":\"https:\\\/\\\/secure.gravatar.com\\\/avatar\\\/3d3f2fcb093e9c2d13668a154a0a0f6cd486b88af630485da5e7873949764c3a?s=96&d=mm&r=g\",\"contentUrl\":\"https:\\\/\\\/secure.gravatar.com\\\/avatar\\\/3d3f2fcb093e9c2d13668a154a0a0f6cd486b88af630485da5e7873949764c3a?s=96&d=mm&r=g\",\"caption\":\"admin\"},\"sameAs\":[\"https:\\\/\\\/gstf.org\"],\"url\":\"https:\\\/\\\/gstf.org\\\/fr\\\/author\\\/admin\\\/\"}]}<\/script>\n<!-- \/ Yoast SEO plugin. -->","yoast_head_json":{"title":"\u00c9ducation politique pour protester contre l'accaparement des terres - GSTF","robots":{"index":"index","follow":"follow","max-snippet":"max-snippet:-1","max-image-preview":"max-image-preview:large","max-video-preview":"max-video-preview:-1"},"canonical":"https:\/\/gstf.org\/fr\/education-politique-pour-protester-contre-laccaparement-des-terres\/","og_locale":"fr_FR","og_type":"article","og_title":"\u00c9ducation politique pour protester contre l'accaparement des terres - GSTF","og_description":"En avril 2024, 25 familles tib\u00e9taines du district de Markham, dans l&rsquo;est du Tibet, ont appris que leurs terres avaient \u00e9t\u00e9 vendues \u00e0 leur insu par le gouvernement local \u00e0 des hommes d&rsquo;affaires. Lors d&rsquo;une action de protestation le 10 avril, 4 Tib\u00e9tains ont \u00e9t\u00e9 arr\u00eat\u00e9s. Bien qu&rsquo;ils aient \u00e9t\u00e9 lib\u00e9r\u00e9s le 16 avril, ils [&hellip;]","og_url":"https:\/\/gstf.org\/fr\/education-politique-pour-protester-contre-laccaparement-des-terres\/","og_site_name":"GSTF","article_published_time":"2024-06-10T06:47:03+00:00","article_modified_time":"2024-11-27T13:13:28+00:00","og_image":[{"width":576,"height":385,"url":"https:\/\/gstf.org\/wp-content\/uploads\/2024\/10\/Landraub.jpg","type":"image\/jpeg"}],"author":"admin","twitter_card":"summary_large_image","twitter_misc":{"\u00c9crit par":"admin","Dur\u00e9e de lecture estim\u00e9e":"2 minutes"},"schema":{"@context":"https:\/\/schema.org","@graph":[{"@type":"Article","@id":"https:\/\/gstf.org\/fr\/education-politique-pour-protester-contre-laccaparement-des-terres\/#article","isPartOf":{"@id":"https:\/\/gstf.org\/fr\/education-politique-pour-protester-contre-laccaparement-des-terres\/"},"author":{"name":"admin","@id":"https:\/\/gstf.org\/fr\/#\/schema\/person\/67c7ae2b7567a05fa720632cf1a11bd6"},"headline":"\u00c9ducation politique pour protester contre l&rsquo;accaparement des terres","datePublished":"2024-06-10T06:47:03+00:00","dateModified":"2024-11-27T13:13:28+00:00","mainEntityOfPage":{"@id":"https:\/\/gstf.org\/fr\/education-politique-pour-protester-contre-laccaparement-des-terres\/"},"wordCount":327,"commentCount":0,"image":{"@id":"https:\/\/gstf.org\/fr\/education-politique-pour-protester-contre-laccaparement-des-terres\/#primaryimage"},"thumbnailUrl":"https:\/\/gstf.org\/wp-content\/uploads\/2024\/10\/Landraub.jpg","articleSection":["Tibet"],"inLanguage":"fr-FR","potentialAction":[{"@type":"CommentAction","name":"Comment","target":["https:\/\/gstf.org\/fr\/education-politique-pour-protester-contre-laccaparement-des-terres\/#respond"]}]},{"@type":"WebPage","@id":"https:\/\/gstf.org\/fr\/education-politique-pour-protester-contre-laccaparement-des-terres\/","url":"https:\/\/gstf.org\/fr\/education-politique-pour-protester-contre-laccaparement-des-terres\/","name":"\u00c9ducation politique pour protester contre l'accaparement des terres - GSTF","isPartOf":{"@id":"https:\/\/gstf.org\/fr\/#website"},"primaryImageOfPage":{"@id":"https:\/\/gstf.org\/fr\/education-politique-pour-protester-contre-laccaparement-des-terres\/#primaryimage"},"image":{"@id":"https:\/\/gstf.org\/fr\/education-politique-pour-protester-contre-laccaparement-des-terres\/#primaryimage"},"thumbnailUrl":"https:\/\/gstf.org\/wp-content\/uploads\/2024\/10\/Landraub.jpg","datePublished":"2024-06-10T06:47:03+00:00","dateModified":"2024-11-27T13:13:28+00:00","author":{"@id":"https:\/\/gstf.org\/fr\/#\/schema\/person\/67c7ae2b7567a05fa720632cf1a11bd6"},"breadcrumb":{"@id":"https:\/\/gstf.org\/fr\/education-politique-pour-protester-contre-laccaparement-des-terres\/#breadcrumb"},"inLanguage":"fr-FR","potentialAction":[{"@type":"ReadAction","target":["https:\/\/gstf.org\/fr\/education-politique-pour-protester-contre-laccaparement-des-terres\/"]}]},{"@type":"ImageObject","inLanguage":"fr-FR","@id":"https:\/\/gstf.org\/fr\/education-politique-pour-protester-contre-laccaparement-des-terres\/#primaryimage","url":"https:\/\/gstf.org\/wp-content\/uploads\/2024\/10\/Landraub.jpg","contentUrl":"https:\/\/gstf.org\/wp-content\/uploads\/2024\/10\/Landraub.jpg","width":576,"height":385},{"@type":"BreadcrumbList","@id":"https:\/\/gstf.org\/fr\/education-politique-pour-protester-contre-laccaparement-des-terres\/#breadcrumb","itemListElement":[{"@type":"ListItem","position":1,"name":"Startseite","item":"https:\/\/gstf.org\/fr\/page-daccueil\/"},{"@type":"ListItem","position":2,"name":"\u00c9ducation politique pour protester contre l&#8217;accaparement des terres"}]},{"@type":"WebSite","@id":"https:\/\/gstf.org\/fr\/#website","url":"https:\/\/gstf.org\/fr\/","name":"GSTF","description":"Gesellschaft Schweizerisch-Tibetische Freundschaft","potentialAction":[{"@type":"SearchAction","target":{"@type":"EntryPoint","urlTemplate":"https:\/\/gstf.org\/fr\/?s={search_term_string}"},"query-input":{"@type":"PropertyValueSpecification","valueRequired":true,"valueName":"search_term_string"}}],"inLanguage":"fr-FR"},{"@type":"Person","@id":"https:\/\/gstf.org\/fr\/#\/schema\/person\/67c7ae2b7567a05fa720632cf1a11bd6","name":"admin","image":{"@type":"ImageObject","inLanguage":"fr-FR","@id":"https:\/\/secure.gravatar.com\/avatar\/3d3f2fcb093e9c2d13668a154a0a0f6cd486b88af630485da5e7873949764c3a?s=96&d=mm&r=g","url":"https:\/\/secure.gravatar.com\/avatar\/3d3f2fcb093e9c2d13668a154a0a0f6cd486b88af630485da5e7873949764c3a?s=96&d=mm&r=g","contentUrl":"https:\/\/secure.gravatar.com\/avatar\/3d3f2fcb093e9c2d13668a154a0a0f6cd486b88af630485da5e7873949764c3a?s=96&d=mm&r=g","caption":"admin"},"sameAs":["https:\/\/gstf.org"],"url":"https:\/\/gstf.org\/fr\/author\/admin\/"}]}},"_links":{"self":[{"href":"https:\/\/gstf.org\/fr\/wp-json\/wp\/v2\/posts\/6792","targetHints":{"allow":["GET"]}}],"collection":[{"href":"https:\/\/gstf.org\/fr\/wp-json\/wp\/v2\/posts"}],"about":[{"href":"https:\/\/gstf.org\/fr\/wp-json\/wp\/v2\/types\/post"}],"author":[{"embeddable":true,"href":"https:\/\/gstf.org\/fr\/wp-json\/wp\/v2\/users\/1"}],"replies":[{"embeddable":true,"href":"https:\/\/gstf.org\/fr\/wp-json\/wp\/v2\/comments?post=6792"}],"version-history":[{"count":1,"href":"https:\/\/gstf.org\/fr\/wp-json\/wp\/v2\/posts\/6792\/revisions"}],"predecessor-version":[{"id":6794,"href":"https:\/\/gstf.org\/fr\/wp-json\/wp\/v2\/posts\/6792\/revisions\/6794"}],"wp:featuredmedia":[{"embeddable":true,"href":"https:\/\/gstf.org\/fr\/wp-json\/wp\/v2\/media\/6793"}],"wp:attachment":[{"href":"https:\/\/gstf.org\/fr\/wp-json\/wp\/v2\/media?parent=6792"}],"wp:term":[{"taxonomy":"category","embeddable":true,"href":"https:\/\/gstf.org\/fr\/wp-json\/wp\/v2\/categories?post=6792"},{"taxonomy":"post_tag","embeddable":true,"href":"https:\/\/gstf.org\/fr\/wp-json\/wp\/v2\/tags?post=6792"}],"curies":[{"name":"wp","href":"https:\/\/api.w.org\/{rel}","templated":true}]}}