{"id":6837,"date":"2024-07-17T08:33:00","date_gmt":"2024-07-17T06:33:00","guid":{"rendered":"https:\/\/gstf.site-preview.ch\/nouvelles-fermetures-forcees-decoles-au-tibet\/"},"modified":"2024-11-27T14:13:34","modified_gmt":"2024-11-27T13:13:34","slug":"nouvelles-fermetures-forcees-decoles-au-tibet","status":"publish","type":"post","link":"https:\/\/gstf.org\/fr\/nouvelles-fermetures-forcees-decoles-au-tibet\/","title":{"rendered":"Nouvelles fermetures forc\u00e9es d&rsquo;\u00e9coles au Tibet :"},"content":{"rendered":"\n<h2 class=\"wp-block-heading\"><strong>\u00c9cole tib\u00e9taine r\u00e9put\u00e9e \u00e0 Golok<\/strong><\/h2>\n\n<p>Les autorit\u00e9s tib\u00e9taines continuent la s\u00e9rie de fermetures forc\u00e9es d&rsquo;\u00e9coles tib\u00e9taines. Dans le pass\u00e9, comme \u00e0 Drago, dans l&rsquo;est du Tibet, m\u00eame le personnel enseignant a \u00e9t\u00e9 forc\u00e9 de d\u00e9molir imm\u00e9diatement le b\u00e2timent scolaire <em>[voir Tibet Information du 8 novembre 2021 ; UM]<\/em>. Le 12 juillet, une \u00e9cole tr\u00e8s r\u00e9put\u00e9e de Golok, dans le nord-est du Tibet, a d\u00fb fermer ses portes. Il s&rsquo;agit de la Jigme Gyaltsen Nationalities Vocational High School, qui avait \u00e9t\u00e9 r\u00e9compens\u00e9e \u00e0 plusieurs reprises par le pass\u00e9. La raison invoqu\u00e9e pour la fermeture est peu plausible : on soup\u00e7onnait que des moines et des nonnes de moins de 18 ans fr\u00e9quentaient l&rsquo;\u00e9cole, contrairement \u00e0 la r\u00e9glementation.    <\/p>\n\n<p>Selon le rapport de l&rsquo;Administration centrale tib\u00e9taine en exil \u00e0 Dharamsala, il y a d\u00e9j\u00e0 eu des tentatives de faire pression sur l&rsquo;\u00e9cole par des accusations. Une fois, un groupe d&rsquo;\u00e9l\u00e8ves a \u00e9t\u00e9 accus\u00e9 d&rsquo;avoir utilis\u00e9 comme logo de groupe un \u00e9l\u00e9ment du drapeau national tib\u00e9tain interdit. Le fondateur et homonyme de l&rsquo;\u00e9cole, Jigme Gyaltsen, a \u00e9t\u00e9 accus\u00e9 d&rsquo;avoir accept\u00e9 des pots-de-vin en tant que pr\u00e9sident de deux fondations.  <\/p>\n\n<p>L&rsquo;\u00e9cole a \u00e9t\u00e9 cr\u00e9\u00e9e en 1994, apr\u00e8s approbation des autorit\u00e9s locales, avec 86 \u00e9l\u00e8ves, un chiffre qui est pass\u00e9 \u00e0 1400 au moment de la fermeture. Elle proposait un large \u00e9ventail de disciplines : langue anglaise, informatique, ing\u00e9nierie, m\u00e9decine et sport. Les dipl\u00f4m\u00e9s ont entam\u00e9 des carri\u00e8res parfois tr\u00e8s brillantes dans les universit\u00e9s, les \u00e9coles, les administrations et les entreprises. L&rsquo;\u00e9cole et son fondateur ont re\u00e7u plusieurs prix du gouvernement et, r\u00e9cemment encore, les m\u00e9dias ont vant\u00e9 l&rsquo;\u00e9cole comme l&rsquo;une des \u00ab\u00a0dix \u00e9coles les plus remarquables\u00a0\u00bb de la r\u00e9gion.   <\/p>\n\n<p><em>Central Tibetan Administration, 14 juillet 2024<\/em> \/\/ Dr. Uwe Meya<\/p>\n\n<h2 class=\"wp-block-heading\"><strong>\u00c9coles monastiques \u00e0 Kirti<\/strong><\/h2>\n\n<p>De m\u00eame, 1600 jeunes moines au total ont \u00e9t\u00e9 affect\u00e9s dans deux \u00e9coles monastiques de l&rsquo;est du Tibet. Il s&rsquo;agit des \u00e9coles des monast\u00e8res de Kirti dans le district de Ngaba et de Lhamo Kirti dans le district de Dzoge. L\u00e0 encore, la raison officielle est que les moines de moins de 18 ans recevaient une \u00e9ducation religieuse, ce qui n&rsquo;est pas autoris\u00e9. Mais jusqu&rsquo;\u00e0 pr\u00e9sent, la limite inf\u00e9rieure d&rsquo;\u00e2ge pour l&rsquo;autorisation \u00e9tait de 5 ans.   <\/p>\n\n<p>Les moines concern\u00e9s doivent d\u00e9sormais fr\u00e9quenter des \u00e9coles publiques qui enseignent en chinois. Kirti est consid\u00e9r\u00e9 comme l&rsquo;un des centres de la r\u00e9sistance tib\u00e9taine depuis 2008 ; un grand nombre d&rsquo;immolations y ont eu lieu. <\/p>\n\n<p><em>Radio Free Asia, 3 juillet 2024<\/em> \/\/ Dr. Uwe Meya<\/p>\n\n<p><em>Photo : Administration centrale tib\u00e9taine<\/em><\/p>\n","protected":false},"excerpt":{"rendered":"<p>\u00c9cole tib\u00e9taine r\u00e9put\u00e9e \u00e0 Golok Les autorit\u00e9s tib\u00e9taines continuent la s\u00e9rie de fermetures forc\u00e9es d&rsquo;\u00e9coles tib\u00e9taines. Dans le pass\u00e9, comme \u00e0 Drago, dans l&rsquo;est du Tibet, m\u00eame le personnel enseignant a \u00e9t\u00e9 forc\u00e9 de d\u00e9molir imm\u00e9diatement le b\u00e2timent scolaire [voir Tibet Information du 8 novembre 2021 ; UM]. Le 12 juillet, une \u00e9cole tr\u00e8s r\u00e9put\u00e9e [&hellip;]<\/p>\n","protected":false},"author":1,"featured_media":6838,"comment_status":"open","ping_status":"open","sticky":false,"template":"","format":"standard","meta":{"_acf_changed":false,"inline_featured_image":false,"footnotes":""},"categories":[21],"tags":[],"class_list":["post-6837","post","type-post","status-publish","format-standard","has-post-thumbnail","hentry","category-tibet-fr"],"acf":[],"yoast_head":"<!-- This site is optimized with the Yoast SEO plugin v27.3 - https:\/\/yoast.com\/product\/yoast-seo-wordpress\/ -->\n<title>Nouvelles fermetures forc\u00e9es d&#039;\u00e9coles au Tibet : - GSTF<\/title>\n<meta name=\"robots\" content=\"index, follow, max-snippet:-1, max-image-preview:large, max-video-preview:-1\" \/>\n<link rel=\"canonical\" href=\"https:\/\/gstf.org\/fr\/nouvelles-fermetures-forcees-decoles-au-tibet\/\" \/>\n<meta property=\"og:locale\" content=\"fr_FR\" \/>\n<meta property=\"og:type\" content=\"article\" \/>\n<meta property=\"og:title\" content=\"Nouvelles fermetures forc\u00e9es d&#039;\u00e9coles au Tibet : - GSTF\" \/>\n<meta property=\"og:description\" content=\"\u00c9cole tib\u00e9taine r\u00e9put\u00e9e \u00e0 Golok Les autorit\u00e9s tib\u00e9taines continuent la s\u00e9rie de fermetures forc\u00e9es d&rsquo;\u00e9coles tib\u00e9taines. Dans le pass\u00e9, comme \u00e0 Drago, dans l&rsquo;est du Tibet, m\u00eame le personnel enseignant a \u00e9t\u00e9 forc\u00e9 de d\u00e9molir imm\u00e9diatement le b\u00e2timent scolaire [voir Tibet Information du 8 novembre 2021 ; UM]. Le 12 juillet, une \u00e9cole tr\u00e8s r\u00e9put\u00e9e [&hellip;]\" \/>\n<meta property=\"og:url\" content=\"https:\/\/gstf.org\/fr\/nouvelles-fermetures-forcees-decoles-au-tibet\/\" \/>\n<meta property=\"og:site_name\" content=\"GSTF\" \/>\n<meta property=\"article:published_time\" content=\"2024-07-17T06:33:00+00:00\" \/>\n<meta property=\"article:modified_time\" content=\"2024-11-27T13:13:34+00:00\" \/>\n<meta property=\"og:image\" content=\"https:\/\/gstf.org\/wp-content\/uploads\/2024\/10\/erzwungene_Schulschliessungen.jpg\" \/>\n\t<meta property=\"og:image:width\" content=\"624\" \/>\n\t<meta property=\"og:image:height\" content=\"349\" \/>\n\t<meta property=\"og:image:type\" content=\"image\/jpeg\" \/>\n<meta name=\"author\" content=\"admin\" \/>\n<meta name=\"twitter:card\" content=\"summary_large_image\" \/>\n<meta name=\"twitter:label1\" content=\"\u00c9crit par\" \/>\n\t<meta name=\"twitter:data1\" content=\"admin\" \/>\n\t<meta name=\"twitter:label2\" content=\"Dur\u00e9e de lecture estim\u00e9e\" \/>\n\t<meta name=\"twitter:data2\" content=\"2 minutes\" \/>\n<script type=\"application\/ld+json\" class=\"yoast-schema-graph\">{\"@context\":\"https:\\\/\\\/schema.org\",\"@graph\":[{\"@type\":\"Article\",\"@id\":\"https:\\\/\\\/gstf.org\\\/fr\\\/nouvelles-fermetures-forcees-decoles-au-tibet\\\/#article\",\"isPartOf\":{\"@id\":\"https:\\\/\\\/gstf.org\\\/fr\\\/nouvelles-fermetures-forcees-decoles-au-tibet\\\/\"},\"author\":{\"name\":\"admin\",\"@id\":\"https:\\\/\\\/gstf.org\\\/fr\\\/#\\\/schema\\\/person\\\/67c7ae2b7567a05fa720632cf1a11bd6\"},\"headline\":\"Nouvelles fermetures forc\u00e9es d&rsquo;\u00e9coles au Tibet :\",\"datePublished\":\"2024-07-17T06:33:00+00:00\",\"dateModified\":\"2024-11-27T13:13:34+00:00\",\"mainEntityOfPage\":{\"@id\":\"https:\\\/\\\/gstf.org\\\/fr\\\/nouvelles-fermetures-forcees-decoles-au-tibet\\\/\"},\"wordCount\":468,\"commentCount\":0,\"image\":{\"@id\":\"https:\\\/\\\/gstf.org\\\/fr\\\/nouvelles-fermetures-forcees-decoles-au-tibet\\\/#primaryimage\"},\"thumbnailUrl\":\"https:\\\/\\\/gstf.org\\\/wp-content\\\/uploads\\\/2024\\\/10\\\/erzwungene_Schulschliessungen.jpg\",\"articleSection\":[\"Tibet\"],\"inLanguage\":\"fr-FR\",\"potentialAction\":[{\"@type\":\"CommentAction\",\"name\":\"Comment\",\"target\":[\"https:\\\/\\\/gstf.org\\\/fr\\\/nouvelles-fermetures-forcees-decoles-au-tibet\\\/#respond\"]}]},{\"@type\":\"WebPage\",\"@id\":\"https:\\\/\\\/gstf.org\\\/fr\\\/nouvelles-fermetures-forcees-decoles-au-tibet\\\/\",\"url\":\"https:\\\/\\\/gstf.org\\\/fr\\\/nouvelles-fermetures-forcees-decoles-au-tibet\\\/\",\"name\":\"Nouvelles fermetures forc\u00e9es d'\u00e9coles au Tibet : - GSTF\",\"isPartOf\":{\"@id\":\"https:\\\/\\\/gstf.org\\\/fr\\\/#website\"},\"primaryImageOfPage\":{\"@id\":\"https:\\\/\\\/gstf.org\\\/fr\\\/nouvelles-fermetures-forcees-decoles-au-tibet\\\/#primaryimage\"},\"image\":{\"@id\":\"https:\\\/\\\/gstf.org\\\/fr\\\/nouvelles-fermetures-forcees-decoles-au-tibet\\\/#primaryimage\"},\"thumbnailUrl\":\"https:\\\/\\\/gstf.org\\\/wp-content\\\/uploads\\\/2024\\\/10\\\/erzwungene_Schulschliessungen.jpg\",\"datePublished\":\"2024-07-17T06:33:00+00:00\",\"dateModified\":\"2024-11-27T13:13:34+00:00\",\"author\":{\"@id\":\"https:\\\/\\\/gstf.org\\\/fr\\\/#\\\/schema\\\/person\\\/67c7ae2b7567a05fa720632cf1a11bd6\"},\"breadcrumb\":{\"@id\":\"https:\\\/\\\/gstf.org\\\/fr\\\/nouvelles-fermetures-forcees-decoles-au-tibet\\\/#breadcrumb\"},\"inLanguage\":\"fr-FR\",\"potentialAction\":[{\"@type\":\"ReadAction\",\"target\":[\"https:\\\/\\\/gstf.org\\\/fr\\\/nouvelles-fermetures-forcees-decoles-au-tibet\\\/\"]}]},{\"@type\":\"ImageObject\",\"inLanguage\":\"fr-FR\",\"@id\":\"https:\\\/\\\/gstf.org\\\/fr\\\/nouvelles-fermetures-forcees-decoles-au-tibet\\\/#primaryimage\",\"url\":\"https:\\\/\\\/gstf.org\\\/wp-content\\\/uploads\\\/2024\\\/10\\\/erzwungene_Schulschliessungen.jpg\",\"contentUrl\":\"https:\\\/\\\/gstf.org\\\/wp-content\\\/uploads\\\/2024\\\/10\\\/erzwungene_Schulschliessungen.jpg\",\"width\":624,\"height\":349},{\"@type\":\"BreadcrumbList\",\"@id\":\"https:\\\/\\\/gstf.org\\\/fr\\\/nouvelles-fermetures-forcees-decoles-au-tibet\\\/#breadcrumb\",\"itemListElement\":[{\"@type\":\"ListItem\",\"position\":1,\"name\":\"Startseite\",\"item\":\"https:\\\/\\\/gstf.org\\\/fr\\\/page-daccueil\\\/\"},{\"@type\":\"ListItem\",\"position\":2,\"name\":\"Nouvelles fermetures forc\u00e9es d&#8217;\u00e9coles au Tibet :\"}]},{\"@type\":\"WebSite\",\"@id\":\"https:\\\/\\\/gstf.org\\\/fr\\\/#website\",\"url\":\"https:\\\/\\\/gstf.org\\\/fr\\\/\",\"name\":\"GSTF\",\"description\":\"Gesellschaft Schweizerisch-Tibetische Freundschaft\",\"potentialAction\":[{\"@type\":\"SearchAction\",\"target\":{\"@type\":\"EntryPoint\",\"urlTemplate\":\"https:\\\/\\\/gstf.org\\\/fr\\\/?s={search_term_string}\"},\"query-input\":{\"@type\":\"PropertyValueSpecification\",\"valueRequired\":true,\"valueName\":\"search_term_string\"}}],\"inLanguage\":\"fr-FR\"},{\"@type\":\"Person\",\"@id\":\"https:\\\/\\\/gstf.org\\\/fr\\\/#\\\/schema\\\/person\\\/67c7ae2b7567a05fa720632cf1a11bd6\",\"name\":\"admin\",\"image\":{\"@type\":\"ImageObject\",\"inLanguage\":\"fr-FR\",\"@id\":\"https:\\\/\\\/secure.gravatar.com\\\/avatar\\\/3d3f2fcb093e9c2d13668a154a0a0f6cd486b88af630485da5e7873949764c3a?s=96&d=mm&r=g\",\"url\":\"https:\\\/\\\/secure.gravatar.com\\\/avatar\\\/3d3f2fcb093e9c2d13668a154a0a0f6cd486b88af630485da5e7873949764c3a?s=96&d=mm&r=g\",\"contentUrl\":\"https:\\\/\\\/secure.gravatar.com\\\/avatar\\\/3d3f2fcb093e9c2d13668a154a0a0f6cd486b88af630485da5e7873949764c3a?s=96&d=mm&r=g\",\"caption\":\"admin\"},\"sameAs\":[\"https:\\\/\\\/gstf.org\"],\"url\":\"https:\\\/\\\/gstf.org\\\/fr\\\/author\\\/admin\\\/\"}]}<\/script>\n<!-- \/ Yoast SEO plugin. -->","yoast_head_json":{"title":"Nouvelles fermetures forc\u00e9es d'\u00e9coles au Tibet : - GSTF","robots":{"index":"index","follow":"follow","max-snippet":"max-snippet:-1","max-image-preview":"max-image-preview:large","max-video-preview":"max-video-preview:-1"},"canonical":"https:\/\/gstf.org\/fr\/nouvelles-fermetures-forcees-decoles-au-tibet\/","og_locale":"fr_FR","og_type":"article","og_title":"Nouvelles fermetures forc\u00e9es d'\u00e9coles au Tibet : - GSTF","og_description":"\u00c9cole tib\u00e9taine r\u00e9put\u00e9e \u00e0 Golok Les autorit\u00e9s tib\u00e9taines continuent la s\u00e9rie de fermetures forc\u00e9es d&rsquo;\u00e9coles tib\u00e9taines. Dans le pass\u00e9, comme \u00e0 Drago, dans l&rsquo;est du Tibet, m\u00eame le personnel enseignant a \u00e9t\u00e9 forc\u00e9 de d\u00e9molir imm\u00e9diatement le b\u00e2timent scolaire [voir Tibet Information du 8 novembre 2021 ; UM]. Le 12 juillet, une \u00e9cole tr\u00e8s r\u00e9put\u00e9e [&hellip;]","og_url":"https:\/\/gstf.org\/fr\/nouvelles-fermetures-forcees-decoles-au-tibet\/","og_site_name":"GSTF","article_published_time":"2024-07-17T06:33:00+00:00","article_modified_time":"2024-11-27T13:13:34+00:00","og_image":[{"width":624,"height":349,"url":"https:\/\/gstf.org\/wp-content\/uploads\/2024\/10\/erzwungene_Schulschliessungen.jpg","type":"image\/jpeg"}],"author":"admin","twitter_card":"summary_large_image","twitter_misc":{"\u00c9crit par":"admin","Dur\u00e9e de lecture estim\u00e9e":"2 minutes"},"schema":{"@context":"https:\/\/schema.org","@graph":[{"@type":"Article","@id":"https:\/\/gstf.org\/fr\/nouvelles-fermetures-forcees-decoles-au-tibet\/#article","isPartOf":{"@id":"https:\/\/gstf.org\/fr\/nouvelles-fermetures-forcees-decoles-au-tibet\/"},"author":{"name":"admin","@id":"https:\/\/gstf.org\/fr\/#\/schema\/person\/67c7ae2b7567a05fa720632cf1a11bd6"},"headline":"Nouvelles fermetures forc\u00e9es d&rsquo;\u00e9coles au Tibet :","datePublished":"2024-07-17T06:33:00+00:00","dateModified":"2024-11-27T13:13:34+00:00","mainEntityOfPage":{"@id":"https:\/\/gstf.org\/fr\/nouvelles-fermetures-forcees-decoles-au-tibet\/"},"wordCount":468,"commentCount":0,"image":{"@id":"https:\/\/gstf.org\/fr\/nouvelles-fermetures-forcees-decoles-au-tibet\/#primaryimage"},"thumbnailUrl":"https:\/\/gstf.org\/wp-content\/uploads\/2024\/10\/erzwungene_Schulschliessungen.jpg","articleSection":["Tibet"],"inLanguage":"fr-FR","potentialAction":[{"@type":"CommentAction","name":"Comment","target":["https:\/\/gstf.org\/fr\/nouvelles-fermetures-forcees-decoles-au-tibet\/#respond"]}]},{"@type":"WebPage","@id":"https:\/\/gstf.org\/fr\/nouvelles-fermetures-forcees-decoles-au-tibet\/","url":"https:\/\/gstf.org\/fr\/nouvelles-fermetures-forcees-decoles-au-tibet\/","name":"Nouvelles fermetures forc\u00e9es d'\u00e9coles au Tibet : - GSTF","isPartOf":{"@id":"https:\/\/gstf.org\/fr\/#website"},"primaryImageOfPage":{"@id":"https:\/\/gstf.org\/fr\/nouvelles-fermetures-forcees-decoles-au-tibet\/#primaryimage"},"image":{"@id":"https:\/\/gstf.org\/fr\/nouvelles-fermetures-forcees-decoles-au-tibet\/#primaryimage"},"thumbnailUrl":"https:\/\/gstf.org\/wp-content\/uploads\/2024\/10\/erzwungene_Schulschliessungen.jpg","datePublished":"2024-07-17T06:33:00+00:00","dateModified":"2024-11-27T13:13:34+00:00","author":{"@id":"https:\/\/gstf.org\/fr\/#\/schema\/person\/67c7ae2b7567a05fa720632cf1a11bd6"},"breadcrumb":{"@id":"https:\/\/gstf.org\/fr\/nouvelles-fermetures-forcees-decoles-au-tibet\/#breadcrumb"},"inLanguage":"fr-FR","potentialAction":[{"@type":"ReadAction","target":["https:\/\/gstf.org\/fr\/nouvelles-fermetures-forcees-decoles-au-tibet\/"]}]},{"@type":"ImageObject","inLanguage":"fr-FR","@id":"https:\/\/gstf.org\/fr\/nouvelles-fermetures-forcees-decoles-au-tibet\/#primaryimage","url":"https:\/\/gstf.org\/wp-content\/uploads\/2024\/10\/erzwungene_Schulschliessungen.jpg","contentUrl":"https:\/\/gstf.org\/wp-content\/uploads\/2024\/10\/erzwungene_Schulschliessungen.jpg","width":624,"height":349},{"@type":"BreadcrumbList","@id":"https:\/\/gstf.org\/fr\/nouvelles-fermetures-forcees-decoles-au-tibet\/#breadcrumb","itemListElement":[{"@type":"ListItem","position":1,"name":"Startseite","item":"https:\/\/gstf.org\/fr\/page-daccueil\/"},{"@type":"ListItem","position":2,"name":"Nouvelles fermetures forc\u00e9es d&#8217;\u00e9coles au Tibet :"}]},{"@type":"WebSite","@id":"https:\/\/gstf.org\/fr\/#website","url":"https:\/\/gstf.org\/fr\/","name":"GSTF","description":"Gesellschaft Schweizerisch-Tibetische Freundschaft","potentialAction":[{"@type":"SearchAction","target":{"@type":"EntryPoint","urlTemplate":"https:\/\/gstf.org\/fr\/?s={search_term_string}"},"query-input":{"@type":"PropertyValueSpecification","valueRequired":true,"valueName":"search_term_string"}}],"inLanguage":"fr-FR"},{"@type":"Person","@id":"https:\/\/gstf.org\/fr\/#\/schema\/person\/67c7ae2b7567a05fa720632cf1a11bd6","name":"admin","image":{"@type":"ImageObject","inLanguage":"fr-FR","@id":"https:\/\/secure.gravatar.com\/avatar\/3d3f2fcb093e9c2d13668a154a0a0f6cd486b88af630485da5e7873949764c3a?s=96&d=mm&r=g","url":"https:\/\/secure.gravatar.com\/avatar\/3d3f2fcb093e9c2d13668a154a0a0f6cd486b88af630485da5e7873949764c3a?s=96&d=mm&r=g","contentUrl":"https:\/\/secure.gravatar.com\/avatar\/3d3f2fcb093e9c2d13668a154a0a0f6cd486b88af630485da5e7873949764c3a?s=96&d=mm&r=g","caption":"admin"},"sameAs":["https:\/\/gstf.org"],"url":"https:\/\/gstf.org\/fr\/author\/admin\/"}]}},"_links":{"self":[{"href":"https:\/\/gstf.org\/fr\/wp-json\/wp\/v2\/posts\/6837","targetHints":{"allow":["GET"]}}],"collection":[{"href":"https:\/\/gstf.org\/fr\/wp-json\/wp\/v2\/posts"}],"about":[{"href":"https:\/\/gstf.org\/fr\/wp-json\/wp\/v2\/types\/post"}],"author":[{"embeddable":true,"href":"https:\/\/gstf.org\/fr\/wp-json\/wp\/v2\/users\/1"}],"replies":[{"embeddable":true,"href":"https:\/\/gstf.org\/fr\/wp-json\/wp\/v2\/comments?post=6837"}],"version-history":[{"count":1,"href":"https:\/\/gstf.org\/fr\/wp-json\/wp\/v2\/posts\/6837\/revisions"}],"predecessor-version":[{"id":6839,"href":"https:\/\/gstf.org\/fr\/wp-json\/wp\/v2\/posts\/6837\/revisions\/6839"}],"wp:featuredmedia":[{"embeddable":true,"href":"https:\/\/gstf.org\/fr\/wp-json\/wp\/v2\/media\/6838"}],"wp:attachment":[{"href":"https:\/\/gstf.org\/fr\/wp-json\/wp\/v2\/media?parent=6837"}],"wp:term":[{"taxonomy":"category","embeddable":true,"href":"https:\/\/gstf.org\/fr\/wp-json\/wp\/v2\/categories?post=6837"},{"taxonomy":"post_tag","embeddable":true,"href":"https:\/\/gstf.org\/fr\/wp-json\/wp\/v2\/tags?post=6837"}],"curies":[{"name":"wp","href":"https:\/\/api.w.org\/{rel}","templated":true}]}}