{"id":6986,"date":"2024-01-30T15:06:09","date_gmt":"2024-01-30T14:06:09","guid":{"rendered":"https:\/\/gstf.site-preview.ch\/le-tibet-explique-par-michael-van-walt-van-praag\/"},"modified":"2024-11-27T14:33:46","modified_gmt":"2024-11-27T13:33:46","slug":"le-tibet-explique-par-michael-van-walt-van-praag","status":"publish","type":"post","link":"https:\/\/gstf.org\/fr\/le-tibet-explique-par-michael-van-walt-van-praag\/","title":{"rendered":"\u00ab\u00a0Le Tibet expliqu\u00e9\u00a0\u00bb par Michael van Walt van Praag"},"content":{"rendered":"\n<p>Le bapt\u00eame du livre \u00ab\u00a0Le Tibet expliqu\u00e9\u00a0\u00bb de Michael van Walt van Praag et Miek Boltjes le 28 janvier 2024 au Sph\u00e8res \u00e0 Zurich a \u00e9t\u00e9 un \u00e9v\u00e9nement tr\u00e8s int\u00e9ressant et enrichissant !<\/p>\n\n<p>La vingtaine de visiteurs a \u00e9t\u00e9 chaleureusement accueillie avec du caf\u00e9 et des croissants et notre petite salle de r\u00e9union \u00e9tait bien remplie. Nous avons suivi avec attention l&rsquo;interview de Michael van Walt, men\u00e9e par l&rsquo;\u00e9diteur Rolf B\u00e4chi<a href=\"https:\/\/prong-press.ch\/\" target=\"_blank\" rel=\"noreferrer noopener\">(Prong Press Verlag<\/a>). Les questions bien con\u00e7ues ont incit\u00e9 Michael \u00e0 fournir des r\u00e9ponses riches qui ont donn\u00e9 au public des informations int\u00e9ressantes, profondes et compl\u00e8tes sur la situation du Tibet en mati\u00e8re de droit international. L&rsquo;interview a \u00e9t\u00e9 pr\u00e9c\u00e9d\u00e9e par la lecture de quelques passages du livre \u00ab\u00a0Le Tibet expliqu\u00e9\u00a0\u00bb et du livre \u00ab\u00a0Focus Tibet\u00a0\u00bb par Uwe Meya, membre du conseil d&rsquo;administration de SAST. Il a en outre plac\u00e9 les deux livres dans un cadre actuel en y ajoutant de nouvelles informations sur le Tibet.    <\/p>\n\n<blockquote class=\"wp-block-quote is-layout-flow wp-block-quote-is-layout-flow\">\n<p>Contrairement aux affirmations de la R\u00e9publique populaire de Chine (RPC), et contrairement \u00e0 ce que beaucoup de gens tiennent pour acquis, le Tibet n&rsquo;a jamais fait partie de la Chine. Les r\u00e9sultats de notre enqu\u00eate dissipent tout doute quant \u00e0 l&rsquo;ill\u00e9galit\u00e9 de la pr\u00e9sence de la RPC au Tibet. Le Tibet est un pays occup\u00e9 sur lequel la RPC n&rsquo;a aucune souverainet\u00e9. Cela n\u00e9cessite un changement de cap imm\u00e9diat afin de mettre la politique des gouvernements en conformit\u00e9 avec le droit international.   <\/p>\n<cite>tir\u00e9 de \u00ab\u00a0Le Tibet expliqu\u00e9\u00a0\u00bb \/ Van Walt, Boltjes ; page 11<\/cite><\/blockquote>\n\n<p>Vous trouverez <a href=\"https:\/\/gstf.org\/wp-content\/uploads\/2024\/01\/TIBET-ERKLAeRT-ZUSAMMENFASSUNG.pdf\" target=\"_blank\" rel=\"noreferrer noopener\">ici<\/a> un r\u00e9sum\u00e9 du livre.<\/p>\n\n<p>Le Tibet expliqu\u00e9\u00a0\u00bb sera bient\u00f4t disponible dans notre<a href=\"http:\/\/gstf-e-shop.pema-of-tibet.ch\/\" target=\"_blank\" rel=\"noreferrer noopener\"> boutique<\/a> en ligne<a href=\"http:\/\/gstf-e-shop.pema-of-tibet.ch\/\" target=\"_blank\" rel=\"noreferrer noopener\"> SAST. Pour les pr\u00e9commandes, n&rsquo;h\u00e9sitez pas \u00e0 envoyer un e-mail \u00e0<\/a> <a href=\"mailto:buero@gstf.org\" target=\"_blank\" rel=\"noreferrer noopener\">buero@gstf.org.<\/a> <\/p>\n\n<p>Et vous pouvez d&rsquo;ores et d\u00e9j\u00e0 vous r\u00e9jouir de la parution de tibetfocus tf163, dans lequel seront publi\u00e9s des extraits de l&rsquo;interview et un compte rendu d\u00e9taill\u00e9 du bapt\u00eame du livre.<\/p>\n\n<p>Tibetfocus 163 sera publi\u00e9 d\u00e9but avril. Vous pouvez vous abonner \u00e0 tibetfocus <a href=\"https:\/\/gstf.org\/magazin\/tibetfocus-abonnieren\/\" target=\"_blank\" rel=\"noreferrer noopener\">ici<\/a>.<\/p>\n\n<figure class=\"wp-block-gallery has-nested-images columns-5 is-cropped wp-block-gallery-1 is-layout-flex wp-block-gallery-is-layout-flex\">\n<figure class=\"wp-block-image size-large\"><img loading=\"lazy\" decoding=\"async\" width=\"689\" height=\"1024\" data-id=\"5280\" src=\"https:\/\/gstf.org\/wp-content\/uploads\/2024\/11\/Willkommen_Einleitung_Bettina-689x1024.jpg\" alt=\"\" class=\"wp-image-5280\" srcset=\"https:\/\/gstf.org\/wp-content\/uploads\/2024\/11\/Willkommen_Einleitung_Bettina-689x1024.jpg 689w, https:\/\/gstf.org\/wp-content\/uploads\/2024\/11\/Willkommen_Einleitung_Bettina-202x300.jpg 202w, https:\/\/gstf.org\/wp-content\/uploads\/2024\/11\/Willkommen_Einleitung_Bettina-768x1142.jpg 768w, https:\/\/gstf.org\/wp-content\/uploads\/2024\/11\/Willkommen_Einleitung_Bettina.jpg 807w\" sizes=\"auto, (max-width: 689px) 100vw, 689px\" \/><\/figure>\n\n\n\n<figure class=\"wp-block-image size-large\"><img loading=\"lazy\" decoding=\"async\" width=\"1024\" height=\"623\" data-id=\"5278\" src=\"https:\/\/gstf.org\/wp-content\/uploads\/2024\/11\/Verdankung-1024x623.jpg\" alt=\"\" class=\"wp-image-5278\" srcset=\"https:\/\/gstf.org\/wp-content\/uploads\/2024\/11\/Verdankung-1024x623.jpg 1024w, https:\/\/gstf.org\/wp-content\/uploads\/2024\/11\/Verdankung-300x183.jpg 300w, https:\/\/gstf.org\/wp-content\/uploads\/2024\/11\/Verdankung-768x467.jpg 768w, https:\/\/gstf.org\/wp-content\/uploads\/2024\/11\/Verdankung.jpg 1200w\" sizes=\"auto, (max-width: 1024px) 100vw, 1024px\" \/><\/figure>\n\n\n\n<figure class=\"wp-block-image size-large\"><img loading=\"lazy\" decoding=\"async\" width=\"576\" height=\"1024\" data-id=\"5276\" src=\"https:\/\/gstf.org\/wp-content\/uploads\/2024\/11\/Verdankung-2-576x1024.jpg\" alt=\"\" class=\"wp-image-5276\" srcset=\"https:\/\/gstf.org\/wp-content\/uploads\/2024\/11\/Verdankung-2-576x1024.jpg 576w, https:\/\/gstf.org\/wp-content\/uploads\/2024\/11\/Verdankung-2-169x300.jpg 169w, https:\/\/gstf.org\/wp-content\/uploads\/2024\/11\/Verdankung-2.jpg 675w\" sizes=\"auto, (max-width: 576px) 100vw, 576px\" \/><\/figure>\n\n\n\n<figure class=\"wp-block-image size-large\"><img loading=\"lazy\" decoding=\"async\" width=\"1024\" height=\"576\" data-id=\"5274\" src=\"https:\/\/gstf.org\/wp-content\/uploads\/2024\/11\/Uwe_Meya_Lesung-1024x576.jpg\" alt=\"\" class=\"wp-image-5274\" srcset=\"https:\/\/gstf.org\/wp-content\/uploads\/2024\/11\/Uwe_Meya_Lesung-1024x576.jpg 1024w, https:\/\/gstf.org\/wp-content\/uploads\/2024\/11\/Uwe_Meya_Lesung-300x169.jpg 300w, https:\/\/gstf.org\/wp-content\/uploads\/2024\/11\/Uwe_Meya_Lesung-768x432.jpg 768w, https:\/\/gstf.org\/wp-content\/uploads\/2024\/11\/Uwe_Meya_Lesung.jpg 1200w\" sizes=\"auto, (max-width: 1024px) 100vw, 1024px\" \/><\/figure>\n\n\n\n<figure class=\"wp-block-image size-large\"><img loading=\"lazy\" decoding=\"async\" width=\"1024\" height=\"623\" data-id=\"5272\" src=\"https:\/\/gstf.org\/wp-content\/uploads\/2024\/11\/Michael_erklaert-1024x623.jpg\" alt=\"\" class=\"wp-image-5272\" srcset=\"https:\/\/gstf.org\/wp-content\/uploads\/2024\/11\/Michael_erklaert-1024x623.jpg 1024w, https:\/\/gstf.org\/wp-content\/uploads\/2024\/11\/Michael_erklaert-300x183.jpg 300w, https:\/\/gstf.org\/wp-content\/uploads\/2024\/11\/Michael_erklaert-768x467.jpg 768w, https:\/\/gstf.org\/wp-content\/uploads\/2024\/11\/Michael_erklaert.jpg 1200w\" sizes=\"auto, (max-width: 1024px) 100vw, 1024px\" \/><\/figure>\n\n\n\n<figure class=\"wp-block-image size-large\"><img loading=\"lazy\" decoding=\"async\" width=\"1024\" height=\"576\" data-id=\"5270\" src=\"https:\/\/gstf.org\/wp-content\/uploads\/2024\/11\/Michael_erklaert_2-1024x576.jpg\" alt=\"\" class=\"wp-image-5270\" srcset=\"https:\/\/gstf.org\/wp-content\/uploads\/2024\/11\/Michael_erklaert_2-1024x576.jpg 1024w, https:\/\/gstf.org\/wp-content\/uploads\/2024\/11\/Michael_erklaert_2-300x169.jpg 300w, https:\/\/gstf.org\/wp-content\/uploads\/2024\/11\/Michael_erklaert_2-768x432.jpg 768w, https:\/\/gstf.org\/wp-content\/uploads\/2024\/11\/Michael_erklaert_2.jpg 1200w\" sizes=\"auto, (max-width: 1024px) 100vw, 1024px\" \/><\/figure>\n\n\n\n<figure class=\"wp-block-image size-large\"><img loading=\"lazy\" decoding=\"async\" width=\"1024\" height=\"576\" data-id=\"5268\" src=\"https:\/\/gstf.org\/wp-content\/uploads\/2024\/11\/Michael_erklaert_1-1024x576.jpg\" alt=\"\" class=\"wp-image-5268\" srcset=\"https:\/\/gstf.org\/wp-content\/uploads\/2024\/11\/Michael_erklaert_1-1024x576.jpg 1024w, https:\/\/gstf.org\/wp-content\/uploads\/2024\/11\/Michael_erklaert_1-300x169.jpg 300w, https:\/\/gstf.org\/wp-content\/uploads\/2024\/11\/Michael_erklaert_1-768x432.jpg 768w, https:\/\/gstf.org\/wp-content\/uploads\/2024\/11\/Michael_erklaert_1.jpg 1200w\" sizes=\"auto, (max-width: 1024px) 100vw, 1024px\" \/><\/figure>\n\n\n\n<figure class=\"wp-block-image size-large\"><img loading=\"lazy\" decoding=\"async\" width=\"1024\" height=\"576\" data-id=\"5266\" src=\"https:\/\/gstf.org\/wp-content\/uploads\/2024\/11\/Michael_erklaert_1-2-1024x576.jpg\" alt=\"\" class=\"wp-image-5266\" srcset=\"https:\/\/gstf.org\/wp-content\/uploads\/2024\/11\/Michael_erklaert_1-2-1024x576.jpg 1024w, https:\/\/gstf.org\/wp-content\/uploads\/2024\/11\/Michael_erklaert_1-2-300x169.jpg 300w, https:\/\/gstf.org\/wp-content\/uploads\/2024\/11\/Michael_erklaert_1-2-768x432.jpg 768w, https:\/\/gstf.org\/wp-content\/uploads\/2024\/11\/Michael_erklaert_1-2.jpg 1200w\" sizes=\"auto, (max-width: 1024px) 100vw, 1024px\" \/><\/figure>\n\n\n\n<figure class=\"wp-block-image size-large\"><img loading=\"lazy\" decoding=\"async\" width=\"1024\" height=\"1024\" data-id=\"5264\" src=\"https:\/\/gstf.org\/wp-content\/uploads\/2024\/11\/Gruppenbild_2-1024x1024.jpg\" alt=\"\" class=\"wp-image-5264\" srcset=\"https:\/\/gstf.org\/wp-content\/uploads\/2024\/11\/Gruppenbild_2-1024x1024.jpg 1024w, https:\/\/gstf.org\/wp-content\/uploads\/2024\/11\/Gruppenbild_2-300x300.jpg 300w, https:\/\/gstf.org\/wp-content\/uploads\/2024\/11\/Gruppenbild_2-150x150.jpg 150w, https:\/\/gstf.org\/wp-content\/uploads\/2024\/11\/Gruppenbild_2-768x768.jpg 768w, https:\/\/gstf.org\/wp-content\/uploads\/2024\/11\/Gruppenbild_2.jpg 1200w\" sizes=\"auto, (max-width: 1024px) 100vw, 1024px\" \/><\/figure>\n\n\n\n<figure class=\"wp-block-image size-large\"><img loading=\"lazy\" decoding=\"async\" width=\"1024\" height=\"576\" data-id=\"5262\" src=\"https:\/\/gstf.org\/wp-content\/uploads\/2024\/11\/Gruppenbild_1-1024x576.jpg\" alt=\"\" class=\"wp-image-5262\" srcset=\"https:\/\/gstf.org\/wp-content\/uploads\/2024\/11\/Gruppenbild_1-1024x576.jpg 1024w, https:\/\/gstf.org\/wp-content\/uploads\/2024\/11\/Gruppenbild_1-300x169.jpg 300w, https:\/\/gstf.org\/wp-content\/uploads\/2024\/11\/Gruppenbild_1-768x432.jpg 768w, https:\/\/gstf.org\/wp-content\/uploads\/2024\/11\/Gruppenbild_1.jpg 1200w\" sizes=\"auto, (max-width: 1024px) 100vw, 1024px\" \/><\/figure>\n\n\n\n<figure class=\"wp-block-image size-large\"><img loading=\"lazy\" decoding=\"async\" width=\"731\" height=\"1024\" data-id=\"5260\" src=\"https:\/\/gstf.org\/wp-content\/uploads\/2024\/11\/Einleitung_Rolf_Baechi-731x1024.jpg\" alt=\"\" class=\"wp-image-5260\" srcset=\"https:\/\/gstf.org\/wp-content\/uploads\/2024\/11\/Einleitung_Rolf_Baechi-731x1024.jpg 731w, https:\/\/gstf.org\/wp-content\/uploads\/2024\/11\/Einleitung_Rolf_Baechi-214x300.jpg 214w, https:\/\/gstf.org\/wp-content\/uploads\/2024\/11\/Einleitung_Rolf_Baechi-768x1075.jpg 768w, https:\/\/gstf.org\/wp-content\/uploads\/2024\/11\/Einleitung_Rolf_Baechi.jpg 857w\" sizes=\"auto, (max-width: 731px) 100vw, 731px\" \/><\/figure>\n\n\n\n<figure class=\"wp-block-image size-large\"><img loading=\"lazy\" decoding=\"async\" width=\"1024\" height=\"975\" data-id=\"5258\" src=\"https:\/\/gstf.org\/wp-content\/uploads\/2024\/11\/Einleitung_Rolf_Baechi_2-1024x975.jpg\" alt=\"\" class=\"wp-image-5258\" srcset=\"https:\/\/gstf.org\/wp-content\/uploads\/2024\/11\/Einleitung_Rolf_Baechi_2-1024x975.jpg 1024w, https:\/\/gstf.org\/wp-content\/uploads\/2024\/11\/Einleitung_Rolf_Baechi_2-300x286.jpg 300w, https:\/\/gstf.org\/wp-content\/uploads\/2024\/11\/Einleitung_Rolf_Baechi_2-768x731.jpg 768w, https:\/\/gstf.org\/wp-content\/uploads\/2024\/11\/Einleitung_Rolf_Baechi_2.jpg 1200w\" sizes=\"auto, (max-width: 1024px) 100vw, 1024px\" \/><\/figure>\n\n\n\n<figure class=\"wp-block-image size-large\"><img loading=\"lazy\" decoding=\"async\" width=\"1024\" height=\"605\" data-id=\"5256\" src=\"https:\/\/gstf.org\/wp-content\/uploads\/2024\/11\/Buecherpraesentation-1024x605.jpg\" alt=\"\" class=\"wp-image-5256\" srcset=\"https:\/\/gstf.org\/wp-content\/uploads\/2024\/11\/Buecherpraesentation-1024x605.jpg 1024w, https:\/\/gstf.org\/wp-content\/uploads\/2024\/11\/Buecherpraesentation-300x177.jpg 300w, https:\/\/gstf.org\/wp-content\/uploads\/2024\/11\/Buecherpraesentation-768x454.jpg 768w, https:\/\/gstf.org\/wp-content\/uploads\/2024\/11\/Buecherpraesentation.jpg 1200w\" sizes=\"auto, (max-width: 1024px) 100vw, 1024px\" \/><\/figure>\n<\/figure>\n","protected":false},"excerpt":{"rendered":"<p>Le bapt\u00eame du livre \u00ab\u00a0Le Tibet expliqu\u00e9\u00a0\u00bb de Michael van Walt van Praag et Miek Boltjes le 28 janvier 2024 au Sph\u00e8res \u00e0 Zurich a \u00e9t\u00e9 un \u00e9v\u00e9nement tr\u00e8s int\u00e9ressant et enrichissant ! La vingtaine de visiteurs a \u00e9t\u00e9 chaleureusement accueillie avec du caf\u00e9 et des croissants et notre petite salle de r\u00e9union \u00e9tait bien [&hellip;]<\/p>\n","protected":false},"author":1,"featured_media":6987,"comment_status":"open","ping_status":"open","sticky":false,"template":"","format":"standard","meta":{"_acf_changed":false,"inline_featured_image":false,"footnotes":""},"categories":[94,21],"tags":[],"class_list":["post-6986","post","type-post","status-publish","format-standard","has-post-thumbnail","hentry","category-gstf-fr","category-tibet-fr"],"acf":[],"yoast_head":"<!-- This site is optimized with the Yoast SEO plugin v27.3 - https:\/\/yoast.com\/product\/yoast-seo-wordpress\/ -->\n<title>&quot;Le Tibet expliqu\u00e9&quot; par Michael van Walt van Praag - GSTF<\/title>\n<meta name=\"robots\" content=\"index, follow, max-snippet:-1, max-image-preview:large, max-video-preview:-1\" \/>\n<link rel=\"canonical\" href=\"https:\/\/gstf.org\/fr\/le-tibet-explique-par-michael-van-walt-van-praag\/\" \/>\n<meta property=\"og:locale\" content=\"fr_FR\" \/>\n<meta property=\"og:type\" content=\"article\" \/>\n<meta property=\"og:title\" content=\"&quot;Le Tibet expliqu\u00e9&quot; par Michael van Walt van Praag - GSTF\" \/>\n<meta property=\"og:description\" content=\"Le bapt\u00eame du livre \u00ab\u00a0Le Tibet expliqu\u00e9\u00a0\u00bb de Michael van Walt van Praag et Miek Boltjes le 28 janvier 2024 au Sph\u00e8res \u00e0 Zurich a \u00e9t\u00e9 un \u00e9v\u00e9nement tr\u00e8s int\u00e9ressant et enrichissant ! La vingtaine de visiteurs a \u00e9t\u00e9 chaleureusement accueillie avec du caf\u00e9 et des croissants et notre petite salle de r\u00e9union \u00e9tait bien [&hellip;]\" \/>\n<meta property=\"og:url\" content=\"https:\/\/gstf.org\/fr\/le-tibet-explique-par-michael-van-walt-van-praag\/\" \/>\n<meta property=\"og:site_name\" content=\"GSTF\" \/>\n<meta property=\"article:published_time\" content=\"2024-01-30T14:06:09+00:00\" \/>\n<meta property=\"article:modified_time\" content=\"2024-11-27T13:33:46+00:00\" \/>\n<meta property=\"og:image\" content=\"https:\/\/gstf.org\/wp-content\/uploads\/2024\/10\/Michael_erklaert_1-2-scaled-e1706627156114.jpg\" \/>\n\t<meta property=\"og:image:width\" content=\"1288\" \/>\n\t<meta property=\"og:image:height\" content=\"989\" \/>\n\t<meta property=\"og:image:type\" content=\"image\/jpeg\" \/>\n<meta name=\"author\" content=\"admin\" \/>\n<meta name=\"twitter:card\" content=\"summary_large_image\" \/>\n<meta name=\"twitter:label1\" content=\"\u00c9crit par\" \/>\n\t<meta name=\"twitter:data1\" content=\"admin\" \/>\n\t<meta name=\"twitter:label2\" content=\"Dur\u00e9e de lecture estim\u00e9e\" \/>\n\t<meta name=\"twitter:data2\" content=\"2 minutes\" \/>\n<script type=\"application\/ld+json\" class=\"yoast-schema-graph\">{\"@context\":\"https:\\\/\\\/schema.org\",\"@graph\":[{\"@type\":\"Article\",\"@id\":\"https:\\\/\\\/gstf.org\\\/fr\\\/le-tibet-explique-par-michael-van-walt-van-praag\\\/#article\",\"isPartOf\":{\"@id\":\"https:\\\/\\\/gstf.org\\\/fr\\\/le-tibet-explique-par-michael-van-walt-van-praag\\\/\"},\"author\":{\"name\":\"admin\",\"@id\":\"https:\\\/\\\/gstf.org\\\/fr\\\/#\\\/schema\\\/person\\\/67c7ae2b7567a05fa720632cf1a11bd6\"},\"headline\":\"\u00ab\u00a0Le Tibet expliqu\u00e9\u00a0\u00bb par Michael van Walt van Praag\",\"datePublished\":\"2024-01-30T14:06:09+00:00\",\"dateModified\":\"2024-11-27T13:33:46+00:00\",\"mainEntityOfPage\":{\"@id\":\"https:\\\/\\\/gstf.org\\\/fr\\\/le-tibet-explique-par-michael-van-walt-van-praag\\\/\"},\"wordCount\":365,\"commentCount\":0,\"image\":{\"@id\":\"https:\\\/\\\/gstf.org\\\/fr\\\/le-tibet-explique-par-michael-van-walt-van-praag\\\/#primaryimage\"},\"thumbnailUrl\":\"https:\\\/\\\/gstf.org\\\/wp-content\\\/uploads\\\/2024\\\/10\\\/Michael_erklaert_1-2-scaled-e1706627156114.jpg\",\"articleSection\":[\"GSTF\",\"Tibet\"],\"inLanguage\":\"fr-FR\",\"potentialAction\":[{\"@type\":\"CommentAction\",\"name\":\"Comment\",\"target\":[\"https:\\\/\\\/gstf.org\\\/fr\\\/le-tibet-explique-par-michael-van-walt-van-praag\\\/#respond\"]}]},{\"@type\":\"WebPage\",\"@id\":\"https:\\\/\\\/gstf.org\\\/fr\\\/le-tibet-explique-par-michael-van-walt-van-praag\\\/\",\"url\":\"https:\\\/\\\/gstf.org\\\/fr\\\/le-tibet-explique-par-michael-van-walt-van-praag\\\/\",\"name\":\"\\\"Le Tibet expliqu\u00e9\\\" par Michael van Walt van Praag - GSTF\",\"isPartOf\":{\"@id\":\"https:\\\/\\\/gstf.org\\\/fr\\\/#website\"},\"primaryImageOfPage\":{\"@id\":\"https:\\\/\\\/gstf.org\\\/fr\\\/le-tibet-explique-par-michael-van-walt-van-praag\\\/#primaryimage\"},\"image\":{\"@id\":\"https:\\\/\\\/gstf.org\\\/fr\\\/le-tibet-explique-par-michael-van-walt-van-praag\\\/#primaryimage\"},\"thumbnailUrl\":\"https:\\\/\\\/gstf.org\\\/wp-content\\\/uploads\\\/2024\\\/10\\\/Michael_erklaert_1-2-scaled-e1706627156114.jpg\",\"datePublished\":\"2024-01-30T14:06:09+00:00\",\"dateModified\":\"2024-11-27T13:33:46+00:00\",\"author\":{\"@id\":\"https:\\\/\\\/gstf.org\\\/fr\\\/#\\\/schema\\\/person\\\/67c7ae2b7567a05fa720632cf1a11bd6\"},\"breadcrumb\":{\"@id\":\"https:\\\/\\\/gstf.org\\\/fr\\\/le-tibet-explique-par-michael-van-walt-van-praag\\\/#breadcrumb\"},\"inLanguage\":\"fr-FR\",\"potentialAction\":[{\"@type\":\"ReadAction\",\"target\":[\"https:\\\/\\\/gstf.org\\\/fr\\\/le-tibet-explique-par-michael-van-walt-van-praag\\\/\"]}]},{\"@type\":\"ImageObject\",\"inLanguage\":\"fr-FR\",\"@id\":\"https:\\\/\\\/gstf.org\\\/fr\\\/le-tibet-explique-par-michael-van-walt-van-praag\\\/#primaryimage\",\"url\":\"https:\\\/\\\/gstf.org\\\/wp-content\\\/uploads\\\/2024\\\/10\\\/Michael_erklaert_1-2-scaled-e1706627156114.jpg\",\"contentUrl\":\"https:\\\/\\\/gstf.org\\\/wp-content\\\/uploads\\\/2024\\\/10\\\/Michael_erklaert_1-2-scaled-e1706627156114.jpg\",\"width\":1288,\"height\":989},{\"@type\":\"BreadcrumbList\",\"@id\":\"https:\\\/\\\/gstf.org\\\/fr\\\/le-tibet-explique-par-michael-van-walt-van-praag\\\/#breadcrumb\",\"itemListElement\":[{\"@type\":\"ListItem\",\"position\":1,\"name\":\"Startseite\",\"item\":\"https:\\\/\\\/gstf.org\\\/fr\\\/page-daccueil\\\/\"},{\"@type\":\"ListItem\",\"position\":2,\"name\":\"&#8222;Le Tibet expliqu\u00e9&#8220; par Michael van Walt van Praag\"}]},{\"@type\":\"WebSite\",\"@id\":\"https:\\\/\\\/gstf.org\\\/fr\\\/#website\",\"url\":\"https:\\\/\\\/gstf.org\\\/fr\\\/\",\"name\":\"GSTF\",\"description\":\"Gesellschaft Schweizerisch-Tibetische Freundschaft\",\"potentialAction\":[{\"@type\":\"SearchAction\",\"target\":{\"@type\":\"EntryPoint\",\"urlTemplate\":\"https:\\\/\\\/gstf.org\\\/fr\\\/?s={search_term_string}\"},\"query-input\":{\"@type\":\"PropertyValueSpecification\",\"valueRequired\":true,\"valueName\":\"search_term_string\"}}],\"inLanguage\":\"fr-FR\"},{\"@type\":\"Person\",\"@id\":\"https:\\\/\\\/gstf.org\\\/fr\\\/#\\\/schema\\\/person\\\/67c7ae2b7567a05fa720632cf1a11bd6\",\"name\":\"admin\",\"image\":{\"@type\":\"ImageObject\",\"inLanguage\":\"fr-FR\",\"@id\":\"https:\\\/\\\/secure.gravatar.com\\\/avatar\\\/3d3f2fcb093e9c2d13668a154a0a0f6cd486b88af630485da5e7873949764c3a?s=96&d=mm&r=g\",\"url\":\"https:\\\/\\\/secure.gravatar.com\\\/avatar\\\/3d3f2fcb093e9c2d13668a154a0a0f6cd486b88af630485da5e7873949764c3a?s=96&d=mm&r=g\",\"contentUrl\":\"https:\\\/\\\/secure.gravatar.com\\\/avatar\\\/3d3f2fcb093e9c2d13668a154a0a0f6cd486b88af630485da5e7873949764c3a?s=96&d=mm&r=g\",\"caption\":\"admin\"},\"sameAs\":[\"https:\\\/\\\/gstf.org\"],\"url\":\"https:\\\/\\\/gstf.org\\\/fr\\\/author\\\/admin\\\/\"}]}<\/script>\n<!-- \/ Yoast SEO plugin. -->","yoast_head_json":{"title":"\"Le Tibet expliqu\u00e9\" par Michael van Walt van Praag - GSTF","robots":{"index":"index","follow":"follow","max-snippet":"max-snippet:-1","max-image-preview":"max-image-preview:large","max-video-preview":"max-video-preview:-1"},"canonical":"https:\/\/gstf.org\/fr\/le-tibet-explique-par-michael-van-walt-van-praag\/","og_locale":"fr_FR","og_type":"article","og_title":"\"Le Tibet expliqu\u00e9\" par Michael van Walt van Praag - GSTF","og_description":"Le bapt\u00eame du livre \u00ab\u00a0Le Tibet expliqu\u00e9\u00a0\u00bb de Michael van Walt van Praag et Miek Boltjes le 28 janvier 2024 au Sph\u00e8res \u00e0 Zurich a \u00e9t\u00e9 un \u00e9v\u00e9nement tr\u00e8s int\u00e9ressant et enrichissant ! La vingtaine de visiteurs a \u00e9t\u00e9 chaleureusement accueillie avec du caf\u00e9 et des croissants et notre petite salle de r\u00e9union \u00e9tait bien [&hellip;]","og_url":"https:\/\/gstf.org\/fr\/le-tibet-explique-par-michael-van-walt-van-praag\/","og_site_name":"GSTF","article_published_time":"2024-01-30T14:06:09+00:00","article_modified_time":"2024-11-27T13:33:46+00:00","og_image":[{"width":1288,"height":989,"url":"https:\/\/gstf.org\/wp-content\/uploads\/2024\/10\/Michael_erklaert_1-2-scaled-e1706627156114.jpg","type":"image\/jpeg"}],"author":"admin","twitter_card":"summary_large_image","twitter_misc":{"\u00c9crit par":"admin","Dur\u00e9e de lecture estim\u00e9e":"2 minutes"},"schema":{"@context":"https:\/\/schema.org","@graph":[{"@type":"Article","@id":"https:\/\/gstf.org\/fr\/le-tibet-explique-par-michael-van-walt-van-praag\/#article","isPartOf":{"@id":"https:\/\/gstf.org\/fr\/le-tibet-explique-par-michael-van-walt-van-praag\/"},"author":{"name":"admin","@id":"https:\/\/gstf.org\/fr\/#\/schema\/person\/67c7ae2b7567a05fa720632cf1a11bd6"},"headline":"\u00ab\u00a0Le Tibet expliqu\u00e9\u00a0\u00bb par Michael van Walt van Praag","datePublished":"2024-01-30T14:06:09+00:00","dateModified":"2024-11-27T13:33:46+00:00","mainEntityOfPage":{"@id":"https:\/\/gstf.org\/fr\/le-tibet-explique-par-michael-van-walt-van-praag\/"},"wordCount":365,"commentCount":0,"image":{"@id":"https:\/\/gstf.org\/fr\/le-tibet-explique-par-michael-van-walt-van-praag\/#primaryimage"},"thumbnailUrl":"https:\/\/gstf.org\/wp-content\/uploads\/2024\/10\/Michael_erklaert_1-2-scaled-e1706627156114.jpg","articleSection":["GSTF","Tibet"],"inLanguage":"fr-FR","potentialAction":[{"@type":"CommentAction","name":"Comment","target":["https:\/\/gstf.org\/fr\/le-tibet-explique-par-michael-van-walt-van-praag\/#respond"]}]},{"@type":"WebPage","@id":"https:\/\/gstf.org\/fr\/le-tibet-explique-par-michael-van-walt-van-praag\/","url":"https:\/\/gstf.org\/fr\/le-tibet-explique-par-michael-van-walt-van-praag\/","name":"\"Le Tibet expliqu\u00e9\" par Michael van Walt van Praag - GSTF","isPartOf":{"@id":"https:\/\/gstf.org\/fr\/#website"},"primaryImageOfPage":{"@id":"https:\/\/gstf.org\/fr\/le-tibet-explique-par-michael-van-walt-van-praag\/#primaryimage"},"image":{"@id":"https:\/\/gstf.org\/fr\/le-tibet-explique-par-michael-van-walt-van-praag\/#primaryimage"},"thumbnailUrl":"https:\/\/gstf.org\/wp-content\/uploads\/2024\/10\/Michael_erklaert_1-2-scaled-e1706627156114.jpg","datePublished":"2024-01-30T14:06:09+00:00","dateModified":"2024-11-27T13:33:46+00:00","author":{"@id":"https:\/\/gstf.org\/fr\/#\/schema\/person\/67c7ae2b7567a05fa720632cf1a11bd6"},"breadcrumb":{"@id":"https:\/\/gstf.org\/fr\/le-tibet-explique-par-michael-van-walt-van-praag\/#breadcrumb"},"inLanguage":"fr-FR","potentialAction":[{"@type":"ReadAction","target":["https:\/\/gstf.org\/fr\/le-tibet-explique-par-michael-van-walt-van-praag\/"]}]},{"@type":"ImageObject","inLanguage":"fr-FR","@id":"https:\/\/gstf.org\/fr\/le-tibet-explique-par-michael-van-walt-van-praag\/#primaryimage","url":"https:\/\/gstf.org\/wp-content\/uploads\/2024\/10\/Michael_erklaert_1-2-scaled-e1706627156114.jpg","contentUrl":"https:\/\/gstf.org\/wp-content\/uploads\/2024\/10\/Michael_erklaert_1-2-scaled-e1706627156114.jpg","width":1288,"height":989},{"@type":"BreadcrumbList","@id":"https:\/\/gstf.org\/fr\/le-tibet-explique-par-michael-van-walt-van-praag\/#breadcrumb","itemListElement":[{"@type":"ListItem","position":1,"name":"Startseite","item":"https:\/\/gstf.org\/fr\/page-daccueil\/"},{"@type":"ListItem","position":2,"name":"&#8222;Le Tibet expliqu\u00e9&#8220; par Michael van Walt van Praag"}]},{"@type":"WebSite","@id":"https:\/\/gstf.org\/fr\/#website","url":"https:\/\/gstf.org\/fr\/","name":"GSTF","description":"Gesellschaft Schweizerisch-Tibetische Freundschaft","potentialAction":[{"@type":"SearchAction","target":{"@type":"EntryPoint","urlTemplate":"https:\/\/gstf.org\/fr\/?s={search_term_string}"},"query-input":{"@type":"PropertyValueSpecification","valueRequired":true,"valueName":"search_term_string"}}],"inLanguage":"fr-FR"},{"@type":"Person","@id":"https:\/\/gstf.org\/fr\/#\/schema\/person\/67c7ae2b7567a05fa720632cf1a11bd6","name":"admin","image":{"@type":"ImageObject","inLanguage":"fr-FR","@id":"https:\/\/secure.gravatar.com\/avatar\/3d3f2fcb093e9c2d13668a154a0a0f6cd486b88af630485da5e7873949764c3a?s=96&d=mm&r=g","url":"https:\/\/secure.gravatar.com\/avatar\/3d3f2fcb093e9c2d13668a154a0a0f6cd486b88af630485da5e7873949764c3a?s=96&d=mm&r=g","contentUrl":"https:\/\/secure.gravatar.com\/avatar\/3d3f2fcb093e9c2d13668a154a0a0f6cd486b88af630485da5e7873949764c3a?s=96&d=mm&r=g","caption":"admin"},"sameAs":["https:\/\/gstf.org"],"url":"https:\/\/gstf.org\/fr\/author\/admin\/"}]}},"_links":{"self":[{"href":"https:\/\/gstf.org\/fr\/wp-json\/wp\/v2\/posts\/6986","targetHints":{"allow":["GET"]}}],"collection":[{"href":"https:\/\/gstf.org\/fr\/wp-json\/wp\/v2\/posts"}],"about":[{"href":"https:\/\/gstf.org\/fr\/wp-json\/wp\/v2\/types\/post"}],"author":[{"embeddable":true,"href":"https:\/\/gstf.org\/fr\/wp-json\/wp\/v2\/users\/1"}],"replies":[{"embeddable":true,"href":"https:\/\/gstf.org\/fr\/wp-json\/wp\/v2\/comments?post=6986"}],"version-history":[{"count":1,"href":"https:\/\/gstf.org\/fr\/wp-json\/wp\/v2\/posts\/6986\/revisions"}],"predecessor-version":[{"id":6989,"href":"https:\/\/gstf.org\/fr\/wp-json\/wp\/v2\/posts\/6986\/revisions\/6989"}],"wp:featuredmedia":[{"embeddable":true,"href":"https:\/\/gstf.org\/fr\/wp-json\/wp\/v2\/media\/6987"}],"wp:attachment":[{"href":"https:\/\/gstf.org\/fr\/wp-json\/wp\/v2\/media?parent=6986"}],"wp:term":[{"taxonomy":"category","embeddable":true,"href":"https:\/\/gstf.org\/fr\/wp-json\/wp\/v2\/categories?post=6986"},{"taxonomy":"post_tag","embeddable":true,"href":"https:\/\/gstf.org\/fr\/wp-json\/wp\/v2\/tags?post=6986"}],"curies":[{"name":"wp","href":"https:\/\/api.w.org\/{rel}","templated":true}]}}