{"id":7008,"date":"2024-03-04T13:44:00","date_gmt":"2024-03-04T12:44:00","guid":{"rendered":"https:\/\/gstf.site-preview.ch\/42e-sast-assemblee-generale-2024\/"},"modified":"2024-11-27T14:33:51","modified_gmt":"2024-11-27T13:33:51","slug":"42e-sast-assemblee-generale-2024","status":"publish","type":"post","link":"https:\/\/gstf.org\/fr\/42e-sast-assemblee-generale-2024\/","title":{"rendered":"42e SAST Assembl\u00e9e g\u00e9n\u00e9rale 2024"},"content":{"rendered":"\n<p>Nous avons le plaisir de vous inviter \u00e0 la <strong>42e assembl\u00e9e g\u00e9n\u00e9rale de SAST le<\/strong><\/p>\n\n<h4 class=\"wp-block-heading\"><strong>samedi 23 mars 2024, 13h30, \u00e0 la maison de paroisse Aussersihl, Stauffacherstrasse 8, 8004 Zurich<\/strong>.<\/h4>\n\n<p>La section de Zurich se charge de l&rsquo;organisation avec le soutien de la section Mittelland et se r\u00e9jouit, avec le comit\u00e9, d&rsquo;accueillir de nombreux membres et invit\u00e9s.<\/p>\n\n<p><strong><a href=\"https:\/\/gstf.org\/uber-uns\/gstf-mitgliederversammlung\/42-mitgliederversammlung-der-gstf\/\" target=\"_blank\" rel=\"noreferrer noopener\">Vous trouverez ici les documents relatifs \u00e0 la 42e assembl\u00e9e g\u00e9n\u00e9rale.<\/a><\/strong>.<\/p>\n\n<p>Nous vous invitons \u00e0 vous inscrire avant le 11 mars 2024 \u00e0 buero@gstf.org ou par courrier \u00e0 SAST, Binzstr.15, 8045 Zurich.<\/p>\n\n<figure class=\"wp-block-image size-large is-resized\"><img decoding=\"async\" src=\"https:\/\/gstf.org\/wp-content\/uploads\/2024\/10\/Pau_Ausstellung_Selbstverbrennungen_7-1024x763-1.jpg\" alt=\"\" class=\"wp-image-23636\" style=\"width:409px;height:auto\"\/><\/figure>\n\n<p class=\"has-dark-color has-text-color has-link-color wp-elements-2ae9132e8c2d61e960588a0e607dfdd9\">En outre, il y aura \u00e9galement une exposition de Pau Nubiola, <a href=\"https:\/\/paunubiola-com.webnode.es\/flames-in-the-silence\/\" target=\"_blank\" rel=\"noreferrer noopener\"><strong>ici <\/strong><\/a>vous pouvez en avoir un aper\u00e7u.  <\/p>\n\n<p class=\"has-light-grey-background-color has-background\"><strong>Exposition : Flames in the Silence (Flammes dans le silence)<\/strong><\/p>\n\n<p class=\"has-light-grey-background-color has-background\">\u00ab\u00a0Flames in the Silence\u00a0\u00bb dresse le portrait de 141 auto-immolations tib\u00e9taines qui ont eu lieu jusqu&rsquo;\u00e0 pr\u00e9sent au Tibet pour protester contre la politique coloniale r\u00e9pressive de la Chine.<\/p>\n\n<p class=\"has-light-grey-background-color has-background\">L&rsquo;exposition rend visible ce sujet douloureux, rend hommage \u00e0 leurs victimes et devient un m\u00e9morial sans fin qui donne du poids \u00e0 leurs revendications. Elle permet \u00e9galement d&rsquo;engager un d\u00e9bat constructif sur cette controverse afin de la comprendre et, en fin de compte, d&rsquo;\u00e9viter que cela ne se reproduise. L&rsquo;intention de Pau n&rsquo;est pas de porter un jugement, mais de refl\u00e9ter une r\u00e9alit\u00e9 qui nous est cach\u00e9e par la censure de la RPC. Jusqu&rsquo;\u00e0 pr\u00e9sent, ces peintures ont \u00e9t\u00e9 expos\u00e9es, non sans controverses, \u00e0 Barcelone (Espagne), Dharamshala (Inde) et Ostrava (R\u00e9publique tch\u00e8que) et ont \u00e9t\u00e9 tr\u00e8s bien accueillies par le public occidental et surtout par les r\u00e9fugi\u00e9s tib\u00e9tains en exil, qui ont exprim\u00e9 leur sinc\u00e8re gratitude pour ce travail.   <\/p>\n\n<figure class=\"wp-block-image size-full\"><img decoding=\"async\" src=\"https:\/\/gstf.org\/wp-content\/uploads\/2024\/10\/Pau_Ausstellung_15.jpg\" alt=\"\" class=\"wp-image-23637\"\/><\/figure>\n","protected":false},"excerpt":{"rendered":"<p>Nous avons le plaisir de vous inviter \u00e0 la 42e assembl\u00e9e g\u00e9n\u00e9rale de SAST le samedi 23 mars 2024, 13h30, \u00e0 la maison de paroisse Aussersihl, Stauffacherstrasse 8, 8004 Zurich. La section de Zurich se charge de l&rsquo;organisation avec le soutien de la section Mittelland et se r\u00e9jouit, avec le comit\u00e9, d&rsquo;accueillir de nombreux membres [&hellip;]<\/p>\n","protected":false},"author":1,"featured_media":7011,"comment_status":"open","ping_status":"open","sticky":false,"template":"","format":"standard","meta":{"_acf_changed":false,"inline_featured_image":false,"footnotes":""},"categories":[94],"tags":[],"class_list":["post-7008","post","type-post","status-publish","format-standard","has-post-thumbnail","hentry","category-gstf-fr"],"acf":[],"yoast_head":"<!-- This site is optimized with the Yoast SEO plugin v27.3 - https:\/\/yoast.com\/product\/yoast-seo-wordpress\/ -->\n<title>42e SAST Assembl\u00e9e g\u00e9n\u00e9rale 2024 - GSTF<\/title>\n<meta name=\"robots\" content=\"index, follow, max-snippet:-1, max-image-preview:large, max-video-preview:-1\" \/>\n<link rel=\"canonical\" href=\"https:\/\/gstf.org\/fr\/42e-sast-assemblee-generale-2024\/\" \/>\n<meta property=\"og:locale\" content=\"fr_FR\" \/>\n<meta property=\"og:type\" content=\"article\" \/>\n<meta property=\"og:title\" content=\"42e SAST Assembl\u00e9e g\u00e9n\u00e9rale 2024 - GSTF\" \/>\n<meta property=\"og:description\" content=\"Nous avons le plaisir de vous inviter \u00e0 la 42e assembl\u00e9e g\u00e9n\u00e9rale de SAST le samedi 23 mars 2024, 13h30, \u00e0 la maison de paroisse Aussersihl, Stauffacherstrasse 8, 8004 Zurich. La section de Zurich se charge de l&rsquo;organisation avec le soutien de la section Mittelland et se r\u00e9jouit, avec le comit\u00e9, d&rsquo;accueillir de nombreux membres [&hellip;]\" \/>\n<meta property=\"og:url\" content=\"https:\/\/gstf.org\/fr\/42e-sast-assemblee-generale-2024\/\" \/>\n<meta property=\"og:site_name\" content=\"GSTF\" \/>\n<meta property=\"article:published_time\" content=\"2024-03-04T12:44:00+00:00\" \/>\n<meta property=\"article:modified_time\" content=\"2024-11-27T13:33:51+00:00\" \/>\n<meta property=\"og:image\" content=\"https:\/\/gstf.org\/wp-content\/uploads\/2024\/10\/MVTitelBild.jpg\" \/>\n\t<meta property=\"og:image:width\" content=\"1280\" \/>\n\t<meta property=\"og:image:height\" content=\"720\" \/>\n\t<meta property=\"og:image:type\" content=\"image\/jpeg\" \/>\n<meta name=\"author\" content=\"admin\" \/>\n<meta name=\"twitter:card\" content=\"summary_large_image\" \/>\n<meta name=\"twitter:label1\" content=\"\u00c9crit par\" \/>\n\t<meta name=\"twitter:data1\" content=\"admin\" \/>\n\t<meta name=\"twitter:label2\" content=\"Dur\u00e9e de lecture estim\u00e9e\" \/>\n\t<meta name=\"twitter:data2\" content=\"1 minute\" \/>\n<script type=\"application\/ld+json\" class=\"yoast-schema-graph\">{\"@context\":\"https:\\\/\\\/schema.org\",\"@graph\":[{\"@type\":\"Article\",\"@id\":\"https:\\\/\\\/gstf.org\\\/fr\\\/42e-sast-assemblee-generale-2024\\\/#article\",\"isPartOf\":{\"@id\":\"https:\\\/\\\/gstf.org\\\/fr\\\/42e-sast-assemblee-generale-2024\\\/\"},\"author\":{\"name\":\"admin\",\"@id\":\"https:\\\/\\\/gstf.org\\\/fr\\\/#\\\/schema\\\/person\\\/67c7ae2b7567a05fa720632cf1a11bd6\"},\"headline\":\"42e SAST Assembl\u00e9e g\u00e9n\u00e9rale 2024\",\"datePublished\":\"2024-03-04T12:44:00+00:00\",\"dateModified\":\"2024-11-27T13:33:51+00:00\",\"mainEntityOfPage\":{\"@id\":\"https:\\\/\\\/gstf.org\\\/fr\\\/42e-sast-assemblee-generale-2024\\\/\"},\"wordCount\":289,\"commentCount\":0,\"image\":{\"@id\":\"https:\\\/\\\/gstf.org\\\/fr\\\/42e-sast-assemblee-generale-2024\\\/#primaryimage\"},\"thumbnailUrl\":\"https:\\\/\\\/gstf.org\\\/wp-content\\\/uploads\\\/2024\\\/10\\\/MVTitelBild.jpg\",\"articleSection\":[\"GSTF\"],\"inLanguage\":\"fr-FR\",\"potentialAction\":[{\"@type\":\"CommentAction\",\"name\":\"Comment\",\"target\":[\"https:\\\/\\\/gstf.org\\\/fr\\\/42e-sast-assemblee-generale-2024\\\/#respond\"]}]},{\"@type\":\"WebPage\",\"@id\":\"https:\\\/\\\/gstf.org\\\/fr\\\/42e-sast-assemblee-generale-2024\\\/\",\"url\":\"https:\\\/\\\/gstf.org\\\/fr\\\/42e-sast-assemblee-generale-2024\\\/\",\"name\":\"42e SAST Assembl\u00e9e g\u00e9n\u00e9rale 2024 - GSTF\",\"isPartOf\":{\"@id\":\"https:\\\/\\\/gstf.org\\\/fr\\\/#website\"},\"primaryImageOfPage\":{\"@id\":\"https:\\\/\\\/gstf.org\\\/fr\\\/42e-sast-assemblee-generale-2024\\\/#primaryimage\"},\"image\":{\"@id\":\"https:\\\/\\\/gstf.org\\\/fr\\\/42e-sast-assemblee-generale-2024\\\/#primaryimage\"},\"thumbnailUrl\":\"https:\\\/\\\/gstf.org\\\/wp-content\\\/uploads\\\/2024\\\/10\\\/MVTitelBild.jpg\",\"datePublished\":\"2024-03-04T12:44:00+00:00\",\"dateModified\":\"2024-11-27T13:33:51+00:00\",\"author\":{\"@id\":\"https:\\\/\\\/gstf.org\\\/fr\\\/#\\\/schema\\\/person\\\/67c7ae2b7567a05fa720632cf1a11bd6\"},\"breadcrumb\":{\"@id\":\"https:\\\/\\\/gstf.org\\\/fr\\\/42e-sast-assemblee-generale-2024\\\/#breadcrumb\"},\"inLanguage\":\"fr-FR\",\"potentialAction\":[{\"@type\":\"ReadAction\",\"target\":[\"https:\\\/\\\/gstf.org\\\/fr\\\/42e-sast-assemblee-generale-2024\\\/\"]}]},{\"@type\":\"ImageObject\",\"inLanguage\":\"fr-FR\",\"@id\":\"https:\\\/\\\/gstf.org\\\/fr\\\/42e-sast-assemblee-generale-2024\\\/#primaryimage\",\"url\":\"https:\\\/\\\/gstf.org\\\/wp-content\\\/uploads\\\/2024\\\/10\\\/MVTitelBild.jpg\",\"contentUrl\":\"https:\\\/\\\/gstf.org\\\/wp-content\\\/uploads\\\/2024\\\/10\\\/MVTitelBild.jpg\",\"width\":1280,\"height\":720},{\"@type\":\"BreadcrumbList\",\"@id\":\"https:\\\/\\\/gstf.org\\\/fr\\\/42e-sast-assemblee-generale-2024\\\/#breadcrumb\",\"itemListElement\":[{\"@type\":\"ListItem\",\"position\":1,\"name\":\"Startseite\",\"item\":\"https:\\\/\\\/gstf.org\\\/fr\\\/page-daccueil\\\/\"},{\"@type\":\"ListItem\",\"position\":2,\"name\":\"42e SAST Assembl\u00e9e g\u00e9n\u00e9rale 2024\"}]},{\"@type\":\"WebSite\",\"@id\":\"https:\\\/\\\/gstf.org\\\/fr\\\/#website\",\"url\":\"https:\\\/\\\/gstf.org\\\/fr\\\/\",\"name\":\"GSTF\",\"description\":\"Gesellschaft Schweizerisch-Tibetische Freundschaft\",\"potentialAction\":[{\"@type\":\"SearchAction\",\"target\":{\"@type\":\"EntryPoint\",\"urlTemplate\":\"https:\\\/\\\/gstf.org\\\/fr\\\/?s={search_term_string}\"},\"query-input\":{\"@type\":\"PropertyValueSpecification\",\"valueRequired\":true,\"valueName\":\"search_term_string\"}}],\"inLanguage\":\"fr-FR\"},{\"@type\":\"Person\",\"@id\":\"https:\\\/\\\/gstf.org\\\/fr\\\/#\\\/schema\\\/person\\\/67c7ae2b7567a05fa720632cf1a11bd6\",\"name\":\"admin\",\"image\":{\"@type\":\"ImageObject\",\"inLanguage\":\"fr-FR\",\"@id\":\"https:\\\/\\\/secure.gravatar.com\\\/avatar\\\/3d3f2fcb093e9c2d13668a154a0a0f6cd486b88af630485da5e7873949764c3a?s=96&d=mm&r=g\",\"url\":\"https:\\\/\\\/secure.gravatar.com\\\/avatar\\\/3d3f2fcb093e9c2d13668a154a0a0f6cd486b88af630485da5e7873949764c3a?s=96&d=mm&r=g\",\"contentUrl\":\"https:\\\/\\\/secure.gravatar.com\\\/avatar\\\/3d3f2fcb093e9c2d13668a154a0a0f6cd486b88af630485da5e7873949764c3a?s=96&d=mm&r=g\",\"caption\":\"admin\"},\"sameAs\":[\"https:\\\/\\\/gstf.org\"],\"url\":\"https:\\\/\\\/gstf.org\\\/fr\\\/author\\\/admin\\\/\"}]}<\/script>\n<!-- \/ Yoast SEO plugin. -->","yoast_head_json":{"title":"42e SAST Assembl\u00e9e g\u00e9n\u00e9rale 2024 - GSTF","robots":{"index":"index","follow":"follow","max-snippet":"max-snippet:-1","max-image-preview":"max-image-preview:large","max-video-preview":"max-video-preview:-1"},"canonical":"https:\/\/gstf.org\/fr\/42e-sast-assemblee-generale-2024\/","og_locale":"fr_FR","og_type":"article","og_title":"42e SAST Assembl\u00e9e g\u00e9n\u00e9rale 2024 - GSTF","og_description":"Nous avons le plaisir de vous inviter \u00e0 la 42e assembl\u00e9e g\u00e9n\u00e9rale de SAST le samedi 23 mars 2024, 13h30, \u00e0 la maison de paroisse Aussersihl, Stauffacherstrasse 8, 8004 Zurich. La section de Zurich se charge de l&rsquo;organisation avec le soutien de la section Mittelland et se r\u00e9jouit, avec le comit\u00e9, d&rsquo;accueillir de nombreux membres [&hellip;]","og_url":"https:\/\/gstf.org\/fr\/42e-sast-assemblee-generale-2024\/","og_site_name":"GSTF","article_published_time":"2024-03-04T12:44:00+00:00","article_modified_time":"2024-11-27T13:33:51+00:00","og_image":[{"width":1280,"height":720,"url":"https:\/\/gstf.org\/wp-content\/uploads\/2024\/10\/MVTitelBild.jpg","type":"image\/jpeg"}],"author":"admin","twitter_card":"summary_large_image","twitter_misc":{"\u00c9crit par":"admin","Dur\u00e9e de lecture estim\u00e9e":"1 minute"},"schema":{"@context":"https:\/\/schema.org","@graph":[{"@type":"Article","@id":"https:\/\/gstf.org\/fr\/42e-sast-assemblee-generale-2024\/#article","isPartOf":{"@id":"https:\/\/gstf.org\/fr\/42e-sast-assemblee-generale-2024\/"},"author":{"name":"admin","@id":"https:\/\/gstf.org\/fr\/#\/schema\/person\/67c7ae2b7567a05fa720632cf1a11bd6"},"headline":"42e SAST Assembl\u00e9e g\u00e9n\u00e9rale 2024","datePublished":"2024-03-04T12:44:00+00:00","dateModified":"2024-11-27T13:33:51+00:00","mainEntityOfPage":{"@id":"https:\/\/gstf.org\/fr\/42e-sast-assemblee-generale-2024\/"},"wordCount":289,"commentCount":0,"image":{"@id":"https:\/\/gstf.org\/fr\/42e-sast-assemblee-generale-2024\/#primaryimage"},"thumbnailUrl":"https:\/\/gstf.org\/wp-content\/uploads\/2024\/10\/MVTitelBild.jpg","articleSection":["GSTF"],"inLanguage":"fr-FR","potentialAction":[{"@type":"CommentAction","name":"Comment","target":["https:\/\/gstf.org\/fr\/42e-sast-assemblee-generale-2024\/#respond"]}]},{"@type":"WebPage","@id":"https:\/\/gstf.org\/fr\/42e-sast-assemblee-generale-2024\/","url":"https:\/\/gstf.org\/fr\/42e-sast-assemblee-generale-2024\/","name":"42e SAST Assembl\u00e9e g\u00e9n\u00e9rale 2024 - GSTF","isPartOf":{"@id":"https:\/\/gstf.org\/fr\/#website"},"primaryImageOfPage":{"@id":"https:\/\/gstf.org\/fr\/42e-sast-assemblee-generale-2024\/#primaryimage"},"image":{"@id":"https:\/\/gstf.org\/fr\/42e-sast-assemblee-generale-2024\/#primaryimage"},"thumbnailUrl":"https:\/\/gstf.org\/wp-content\/uploads\/2024\/10\/MVTitelBild.jpg","datePublished":"2024-03-04T12:44:00+00:00","dateModified":"2024-11-27T13:33:51+00:00","author":{"@id":"https:\/\/gstf.org\/fr\/#\/schema\/person\/67c7ae2b7567a05fa720632cf1a11bd6"},"breadcrumb":{"@id":"https:\/\/gstf.org\/fr\/42e-sast-assemblee-generale-2024\/#breadcrumb"},"inLanguage":"fr-FR","potentialAction":[{"@type":"ReadAction","target":["https:\/\/gstf.org\/fr\/42e-sast-assemblee-generale-2024\/"]}]},{"@type":"ImageObject","inLanguage":"fr-FR","@id":"https:\/\/gstf.org\/fr\/42e-sast-assemblee-generale-2024\/#primaryimage","url":"https:\/\/gstf.org\/wp-content\/uploads\/2024\/10\/MVTitelBild.jpg","contentUrl":"https:\/\/gstf.org\/wp-content\/uploads\/2024\/10\/MVTitelBild.jpg","width":1280,"height":720},{"@type":"BreadcrumbList","@id":"https:\/\/gstf.org\/fr\/42e-sast-assemblee-generale-2024\/#breadcrumb","itemListElement":[{"@type":"ListItem","position":1,"name":"Startseite","item":"https:\/\/gstf.org\/fr\/page-daccueil\/"},{"@type":"ListItem","position":2,"name":"42e SAST Assembl\u00e9e g\u00e9n\u00e9rale 2024"}]},{"@type":"WebSite","@id":"https:\/\/gstf.org\/fr\/#website","url":"https:\/\/gstf.org\/fr\/","name":"GSTF","description":"Gesellschaft Schweizerisch-Tibetische Freundschaft","potentialAction":[{"@type":"SearchAction","target":{"@type":"EntryPoint","urlTemplate":"https:\/\/gstf.org\/fr\/?s={search_term_string}"},"query-input":{"@type":"PropertyValueSpecification","valueRequired":true,"valueName":"search_term_string"}}],"inLanguage":"fr-FR"},{"@type":"Person","@id":"https:\/\/gstf.org\/fr\/#\/schema\/person\/67c7ae2b7567a05fa720632cf1a11bd6","name":"admin","image":{"@type":"ImageObject","inLanguage":"fr-FR","@id":"https:\/\/secure.gravatar.com\/avatar\/3d3f2fcb093e9c2d13668a154a0a0f6cd486b88af630485da5e7873949764c3a?s=96&d=mm&r=g","url":"https:\/\/secure.gravatar.com\/avatar\/3d3f2fcb093e9c2d13668a154a0a0f6cd486b88af630485da5e7873949764c3a?s=96&d=mm&r=g","contentUrl":"https:\/\/secure.gravatar.com\/avatar\/3d3f2fcb093e9c2d13668a154a0a0f6cd486b88af630485da5e7873949764c3a?s=96&d=mm&r=g","caption":"admin"},"sameAs":["https:\/\/gstf.org"],"url":"https:\/\/gstf.org\/fr\/author\/admin\/"}]}},"_links":{"self":[{"href":"https:\/\/gstf.org\/fr\/wp-json\/wp\/v2\/posts\/7008","targetHints":{"allow":["GET"]}}],"collection":[{"href":"https:\/\/gstf.org\/fr\/wp-json\/wp\/v2\/posts"}],"about":[{"href":"https:\/\/gstf.org\/fr\/wp-json\/wp\/v2\/types\/post"}],"author":[{"embeddable":true,"href":"https:\/\/gstf.org\/fr\/wp-json\/wp\/v2\/users\/1"}],"replies":[{"embeddable":true,"href":"https:\/\/gstf.org\/fr\/wp-json\/wp\/v2\/comments?post=7008"}],"version-history":[{"count":1,"href":"https:\/\/gstf.org\/fr\/wp-json\/wp\/v2\/posts\/7008\/revisions"}],"predecessor-version":[{"id":7013,"href":"https:\/\/gstf.org\/fr\/wp-json\/wp\/v2\/posts\/7008\/revisions\/7013"}],"wp:featuredmedia":[{"embeddable":true,"href":"https:\/\/gstf.org\/fr\/wp-json\/wp\/v2\/media\/7011"}],"wp:attachment":[{"href":"https:\/\/gstf.org\/fr\/wp-json\/wp\/v2\/media?parent=7008"}],"wp:term":[{"taxonomy":"category","embeddable":true,"href":"https:\/\/gstf.org\/fr\/wp-json\/wp\/v2\/categories?post=7008"},{"taxonomy":"post_tag","embeddable":true,"href":"https:\/\/gstf.org\/fr\/wp-json\/wp\/v2\/tags?post=7008"}],"curies":[{"name":"wp","href":"https:\/\/api.w.org\/{rel}","templated":true}]}}