{"id":7074,"date":"2024-03-18T11:55:00","date_gmt":"2024-03-18T10:55:00","guid":{"rendered":"https:\/\/gstf.site-preview.ch\/flames-in-the-silence-exposition\/"},"modified":"2024-11-27T14:34:00","modified_gmt":"2024-11-27T13:34:00","slug":"flames-in-the-silence-exposition","status":"publish","type":"post","link":"https:\/\/gstf.org\/fr\/flames-in-the-silence-exposition\/","title":{"rendered":"Flames in the silence &#8211; Exposition"},"content":{"rendered":"\n<p>L&rsquo;exposition \u00ab\u00a0Flames in the silence\u00a0\u00bb sera inaugur\u00e9e le  <\/p>\n\n<p><strong>Samedi 23 mars 2024, apr\u00e8s l&rsquo;<a href=\"https:\/\/gstf.org\/2024\/03\/04\/42-gstf-mitgliederversammlung-2024\/\" target=\"_blank\" rel=\"noreferrer noopener\">assembl\u00e9e g\u00e9n\u00e9raleSAST <\/a> \u00e0 17h15 environ, \u00e0 la maison de paroisse Aussersihl, Stauffacherstrasse 8, 8004 Zurich<\/strong>.<\/p>\n\n<p class=\"has-light-grey-background-color has-background\"><strong>Vous \u00eates cordialement invit\u00e9s \u00e0 participer au vernissage de l&rsquo;exposition. L&rsquo;entr\u00e9e est gratuite.   <\/strong><\/p>\n\n<p>Vous pouvez \u00e9galement rester plus longtemps et profiter avec nous du programme de la soir\u00e9e de l&rsquo;AM.  <\/p>\n\n<p>\u00ab\u00a0Flames in the silence\u00a0\u00bb dresse le portrait de 141 auto-immolations tib\u00e9taines qui ont eu lieu jusqu&rsquo;\u00e0 pr\u00e9sent au Tibet pour protester contre la politique coloniale r\u00e9pressive de la Chine.<\/p>\n\n<p>L&rsquo;exposition rend visible ce sujet douloureux, rend hommage \u00e0 leurs victimes et devient un m\u00e9morial sans fin qui donne du poids \u00e0 leurs revendications. Elle permet \u00e9galement d&rsquo;engager un d\u00e9bat constructif sur cette controverse afin de la comprendre et, en fin de compte, d&rsquo;\u00e9viter que cela ne se reproduise. L&rsquo;intention de Pau n&rsquo;est pas de porter un jugement, mais de refl\u00e9ter une r\u00e9alit\u00e9 qui nous est cach\u00e9e par la censure de la RPC. Jusqu&rsquo;\u00e0 pr\u00e9sent, ces peintures ont \u00e9t\u00e9 expos\u00e9es, non sans controverse, \u00e0 Barcelone (Espagne), Dharamsala (Inde), Ostrava (R\u00e9publique tch\u00e8que) et Lugano (Suisse), et ont \u00e9t\u00e9 tr\u00e8s bien accueillies par le public occidental et surtout par les r\u00e9fugi\u00e9s tib\u00e9tains en exil, qui ont exprim\u00e9 leur sinc\u00e8re gratitude pour ce travail.   <\/p>\n","protected":false},"excerpt":{"rendered":"<p>L&rsquo;exposition \u00ab\u00a0Flames in the silence\u00a0\u00bb sera inaugur\u00e9e le Samedi 23 mars 2024, apr\u00e8s l&rsquo;assembl\u00e9e g\u00e9n\u00e9raleSAST \u00e0 17h15 environ, \u00e0 la maison de paroisse Aussersihl, Stauffacherstrasse 8, 8004 Zurich. Vous \u00eates cordialement invit\u00e9s \u00e0 participer au vernissage de l&rsquo;exposition. L&rsquo;entr\u00e9e est gratuite. Vous pouvez \u00e9galement rester plus longtemps et profiter avec nous du programme de la [&hellip;]<\/p>\n","protected":false},"author":1,"featured_media":7075,"comment_status":"open","ping_status":"open","sticky":false,"template":"","format":"standard","meta":{"_acf_changed":false,"inline_featured_image":false,"footnotes":""},"categories":[94],"tags":[],"class_list":["post-7074","post","type-post","status-publish","format-standard","has-post-thumbnail","hentry","category-gstf-fr"],"acf":[],"yoast_head":"<!-- This site is optimized with the Yoast SEO plugin v27.3 - https:\/\/yoast.com\/product\/yoast-seo-wordpress\/ -->\n<title>Flames in the silence - Exposition - GSTF<\/title>\n<meta name=\"robots\" content=\"index, follow, max-snippet:-1, max-image-preview:large, max-video-preview:-1\" \/>\n<link rel=\"canonical\" href=\"https:\/\/gstf.org\/fr\/flames-in-the-silence-exposition\/\" \/>\n<meta property=\"og:locale\" content=\"fr_FR\" \/>\n<meta property=\"og:type\" content=\"article\" \/>\n<meta property=\"og:title\" content=\"Flames in the silence - Exposition - GSTF\" \/>\n<meta property=\"og:description\" content=\"L&rsquo;exposition \u00ab\u00a0Flames in the silence\u00a0\u00bb sera inaugur\u00e9e le Samedi 23 mars 2024, apr\u00e8s l&rsquo;assembl\u00e9e g\u00e9n\u00e9raleSAST \u00e0 17h15 environ, \u00e0 la maison de paroisse Aussersihl, Stauffacherstrasse 8, 8004 Zurich. Vous \u00eates cordialement invit\u00e9s \u00e0 participer au vernissage de l&rsquo;exposition. L&rsquo;entr\u00e9e est gratuite. Vous pouvez \u00e9galement rester plus longtemps et profiter avec nous du programme de la [&hellip;]\" \/>\n<meta property=\"og:url\" content=\"https:\/\/gstf.org\/fr\/flames-in-the-silence-exposition\/\" \/>\n<meta property=\"og:site_name\" content=\"GSTF\" \/>\n<meta property=\"article:published_time\" content=\"2024-03-18T10:55:00+00:00\" \/>\n<meta property=\"article:modified_time\" content=\"2024-11-27T13:34:00+00:00\" \/>\n<meta property=\"og:image\" content=\"https:\/\/gstf.org\/wp-content\/uploads\/2024\/10\/Flyer_Flames1.png\" \/>\n\t<meta property=\"og:image:width\" content=\"2000\" \/>\n\t<meta property=\"og:image:height\" content=\"1414\" \/>\n\t<meta property=\"og:image:type\" content=\"image\/png\" \/>\n<meta name=\"author\" content=\"admin\" \/>\n<meta name=\"twitter:card\" content=\"summary_large_image\" \/>\n<meta name=\"twitter:label1\" content=\"\u00c9crit par\" \/>\n\t<meta name=\"twitter:data1\" content=\"admin\" \/>\n\t<meta name=\"twitter:label2\" content=\"Dur\u00e9e de lecture estim\u00e9e\" \/>\n\t<meta name=\"twitter:data2\" content=\"1 minute\" \/>\n<script type=\"application\/ld+json\" class=\"yoast-schema-graph\">{\"@context\":\"https:\\\/\\\/schema.org\",\"@graph\":[{\"@type\":\"Article\",\"@id\":\"https:\\\/\\\/gstf.org\\\/fr\\\/flames-in-the-silence-exposition\\\/#article\",\"isPartOf\":{\"@id\":\"https:\\\/\\\/gstf.org\\\/fr\\\/flames-in-the-silence-exposition\\\/\"},\"author\":{\"name\":\"admin\",\"@id\":\"https:\\\/\\\/gstf.org\\\/fr\\\/#\\\/schema\\\/person\\\/67c7ae2b7567a05fa720632cf1a11bd6\"},\"headline\":\"Flames in the silence &#8211; Exposition\",\"datePublished\":\"2024-03-18T10:55:00+00:00\",\"dateModified\":\"2024-11-27T13:34:00+00:00\",\"mainEntityOfPage\":{\"@id\":\"https:\\\/\\\/gstf.org\\\/fr\\\/flames-in-the-silence-exposition\\\/\"},\"wordCount\":238,\"commentCount\":0,\"image\":{\"@id\":\"https:\\\/\\\/gstf.org\\\/fr\\\/flames-in-the-silence-exposition\\\/#primaryimage\"},\"thumbnailUrl\":\"https:\\\/\\\/gstf.org\\\/wp-content\\\/uploads\\\/2024\\\/10\\\/Flyer_Flames1.png\",\"articleSection\":[\"GSTF\"],\"inLanguage\":\"fr-FR\",\"potentialAction\":[{\"@type\":\"CommentAction\",\"name\":\"Comment\",\"target\":[\"https:\\\/\\\/gstf.org\\\/fr\\\/flames-in-the-silence-exposition\\\/#respond\"]}]},{\"@type\":\"WebPage\",\"@id\":\"https:\\\/\\\/gstf.org\\\/fr\\\/flames-in-the-silence-exposition\\\/\",\"url\":\"https:\\\/\\\/gstf.org\\\/fr\\\/flames-in-the-silence-exposition\\\/\",\"name\":\"Flames in the silence - Exposition - GSTF\",\"isPartOf\":{\"@id\":\"https:\\\/\\\/gstf.org\\\/fr\\\/#website\"},\"primaryImageOfPage\":{\"@id\":\"https:\\\/\\\/gstf.org\\\/fr\\\/flames-in-the-silence-exposition\\\/#primaryimage\"},\"image\":{\"@id\":\"https:\\\/\\\/gstf.org\\\/fr\\\/flames-in-the-silence-exposition\\\/#primaryimage\"},\"thumbnailUrl\":\"https:\\\/\\\/gstf.org\\\/wp-content\\\/uploads\\\/2024\\\/10\\\/Flyer_Flames1.png\",\"datePublished\":\"2024-03-18T10:55:00+00:00\",\"dateModified\":\"2024-11-27T13:34:00+00:00\",\"author\":{\"@id\":\"https:\\\/\\\/gstf.org\\\/fr\\\/#\\\/schema\\\/person\\\/67c7ae2b7567a05fa720632cf1a11bd6\"},\"breadcrumb\":{\"@id\":\"https:\\\/\\\/gstf.org\\\/fr\\\/flames-in-the-silence-exposition\\\/#breadcrumb\"},\"inLanguage\":\"fr-FR\",\"potentialAction\":[{\"@type\":\"ReadAction\",\"target\":[\"https:\\\/\\\/gstf.org\\\/fr\\\/flames-in-the-silence-exposition\\\/\"]}]},{\"@type\":\"ImageObject\",\"inLanguage\":\"fr-FR\",\"@id\":\"https:\\\/\\\/gstf.org\\\/fr\\\/flames-in-the-silence-exposition\\\/#primaryimage\",\"url\":\"https:\\\/\\\/gstf.org\\\/wp-content\\\/uploads\\\/2024\\\/10\\\/Flyer_Flames1.png\",\"contentUrl\":\"https:\\\/\\\/gstf.org\\\/wp-content\\\/uploads\\\/2024\\\/10\\\/Flyer_Flames1.png\",\"width\":2000,\"height\":1414},{\"@type\":\"BreadcrumbList\",\"@id\":\"https:\\\/\\\/gstf.org\\\/fr\\\/flames-in-the-silence-exposition\\\/#breadcrumb\",\"itemListElement\":[{\"@type\":\"ListItem\",\"position\":1,\"name\":\"Startseite\",\"item\":\"https:\\\/\\\/gstf.org\\\/fr\\\/page-daccueil\\\/\"},{\"@type\":\"ListItem\",\"position\":2,\"name\":\"Flames in the silence &#8211; Exposition\"}]},{\"@type\":\"WebSite\",\"@id\":\"https:\\\/\\\/gstf.org\\\/fr\\\/#website\",\"url\":\"https:\\\/\\\/gstf.org\\\/fr\\\/\",\"name\":\"GSTF\",\"description\":\"Gesellschaft Schweizerisch-Tibetische Freundschaft\",\"potentialAction\":[{\"@type\":\"SearchAction\",\"target\":{\"@type\":\"EntryPoint\",\"urlTemplate\":\"https:\\\/\\\/gstf.org\\\/fr\\\/?s={search_term_string}\"},\"query-input\":{\"@type\":\"PropertyValueSpecification\",\"valueRequired\":true,\"valueName\":\"search_term_string\"}}],\"inLanguage\":\"fr-FR\"},{\"@type\":\"Person\",\"@id\":\"https:\\\/\\\/gstf.org\\\/fr\\\/#\\\/schema\\\/person\\\/67c7ae2b7567a05fa720632cf1a11bd6\",\"name\":\"admin\",\"image\":{\"@type\":\"ImageObject\",\"inLanguage\":\"fr-FR\",\"@id\":\"https:\\\/\\\/secure.gravatar.com\\\/avatar\\\/3d3f2fcb093e9c2d13668a154a0a0f6cd486b88af630485da5e7873949764c3a?s=96&d=mm&r=g\",\"url\":\"https:\\\/\\\/secure.gravatar.com\\\/avatar\\\/3d3f2fcb093e9c2d13668a154a0a0f6cd486b88af630485da5e7873949764c3a?s=96&d=mm&r=g\",\"contentUrl\":\"https:\\\/\\\/secure.gravatar.com\\\/avatar\\\/3d3f2fcb093e9c2d13668a154a0a0f6cd486b88af630485da5e7873949764c3a?s=96&d=mm&r=g\",\"caption\":\"admin\"},\"sameAs\":[\"https:\\\/\\\/gstf.org\"],\"url\":\"https:\\\/\\\/gstf.org\\\/fr\\\/author\\\/admin\\\/\"}]}<\/script>\n<!-- \/ Yoast SEO plugin. -->","yoast_head_json":{"title":"Flames in the silence - Exposition - GSTF","robots":{"index":"index","follow":"follow","max-snippet":"max-snippet:-1","max-image-preview":"max-image-preview:large","max-video-preview":"max-video-preview:-1"},"canonical":"https:\/\/gstf.org\/fr\/flames-in-the-silence-exposition\/","og_locale":"fr_FR","og_type":"article","og_title":"Flames in the silence - Exposition - GSTF","og_description":"L&rsquo;exposition \u00ab\u00a0Flames in the silence\u00a0\u00bb sera inaugur\u00e9e le Samedi 23 mars 2024, apr\u00e8s l&rsquo;assembl\u00e9e g\u00e9n\u00e9raleSAST \u00e0 17h15 environ, \u00e0 la maison de paroisse Aussersihl, Stauffacherstrasse 8, 8004 Zurich. Vous \u00eates cordialement invit\u00e9s \u00e0 participer au vernissage de l&rsquo;exposition. L&rsquo;entr\u00e9e est gratuite. Vous pouvez \u00e9galement rester plus longtemps et profiter avec nous du programme de la [&hellip;]","og_url":"https:\/\/gstf.org\/fr\/flames-in-the-silence-exposition\/","og_site_name":"GSTF","article_published_time":"2024-03-18T10:55:00+00:00","article_modified_time":"2024-11-27T13:34:00+00:00","og_image":[{"width":2000,"height":1414,"url":"https:\/\/gstf.org\/wp-content\/uploads\/2024\/10\/Flyer_Flames1.png","type":"image\/png"}],"author":"admin","twitter_card":"summary_large_image","twitter_misc":{"\u00c9crit par":"admin","Dur\u00e9e de lecture estim\u00e9e":"1 minute"},"schema":{"@context":"https:\/\/schema.org","@graph":[{"@type":"Article","@id":"https:\/\/gstf.org\/fr\/flames-in-the-silence-exposition\/#article","isPartOf":{"@id":"https:\/\/gstf.org\/fr\/flames-in-the-silence-exposition\/"},"author":{"name":"admin","@id":"https:\/\/gstf.org\/fr\/#\/schema\/person\/67c7ae2b7567a05fa720632cf1a11bd6"},"headline":"Flames in the silence &#8211; Exposition","datePublished":"2024-03-18T10:55:00+00:00","dateModified":"2024-11-27T13:34:00+00:00","mainEntityOfPage":{"@id":"https:\/\/gstf.org\/fr\/flames-in-the-silence-exposition\/"},"wordCount":238,"commentCount":0,"image":{"@id":"https:\/\/gstf.org\/fr\/flames-in-the-silence-exposition\/#primaryimage"},"thumbnailUrl":"https:\/\/gstf.org\/wp-content\/uploads\/2024\/10\/Flyer_Flames1.png","articleSection":["GSTF"],"inLanguage":"fr-FR","potentialAction":[{"@type":"CommentAction","name":"Comment","target":["https:\/\/gstf.org\/fr\/flames-in-the-silence-exposition\/#respond"]}]},{"@type":"WebPage","@id":"https:\/\/gstf.org\/fr\/flames-in-the-silence-exposition\/","url":"https:\/\/gstf.org\/fr\/flames-in-the-silence-exposition\/","name":"Flames in the silence - Exposition - GSTF","isPartOf":{"@id":"https:\/\/gstf.org\/fr\/#website"},"primaryImageOfPage":{"@id":"https:\/\/gstf.org\/fr\/flames-in-the-silence-exposition\/#primaryimage"},"image":{"@id":"https:\/\/gstf.org\/fr\/flames-in-the-silence-exposition\/#primaryimage"},"thumbnailUrl":"https:\/\/gstf.org\/wp-content\/uploads\/2024\/10\/Flyer_Flames1.png","datePublished":"2024-03-18T10:55:00+00:00","dateModified":"2024-11-27T13:34:00+00:00","author":{"@id":"https:\/\/gstf.org\/fr\/#\/schema\/person\/67c7ae2b7567a05fa720632cf1a11bd6"},"breadcrumb":{"@id":"https:\/\/gstf.org\/fr\/flames-in-the-silence-exposition\/#breadcrumb"},"inLanguage":"fr-FR","potentialAction":[{"@type":"ReadAction","target":["https:\/\/gstf.org\/fr\/flames-in-the-silence-exposition\/"]}]},{"@type":"ImageObject","inLanguage":"fr-FR","@id":"https:\/\/gstf.org\/fr\/flames-in-the-silence-exposition\/#primaryimage","url":"https:\/\/gstf.org\/wp-content\/uploads\/2024\/10\/Flyer_Flames1.png","contentUrl":"https:\/\/gstf.org\/wp-content\/uploads\/2024\/10\/Flyer_Flames1.png","width":2000,"height":1414},{"@type":"BreadcrumbList","@id":"https:\/\/gstf.org\/fr\/flames-in-the-silence-exposition\/#breadcrumb","itemListElement":[{"@type":"ListItem","position":1,"name":"Startseite","item":"https:\/\/gstf.org\/fr\/page-daccueil\/"},{"@type":"ListItem","position":2,"name":"Flames in the silence &#8211; Exposition"}]},{"@type":"WebSite","@id":"https:\/\/gstf.org\/fr\/#website","url":"https:\/\/gstf.org\/fr\/","name":"GSTF","description":"Gesellschaft Schweizerisch-Tibetische Freundschaft","potentialAction":[{"@type":"SearchAction","target":{"@type":"EntryPoint","urlTemplate":"https:\/\/gstf.org\/fr\/?s={search_term_string}"},"query-input":{"@type":"PropertyValueSpecification","valueRequired":true,"valueName":"search_term_string"}}],"inLanguage":"fr-FR"},{"@type":"Person","@id":"https:\/\/gstf.org\/fr\/#\/schema\/person\/67c7ae2b7567a05fa720632cf1a11bd6","name":"admin","image":{"@type":"ImageObject","inLanguage":"fr-FR","@id":"https:\/\/secure.gravatar.com\/avatar\/3d3f2fcb093e9c2d13668a154a0a0f6cd486b88af630485da5e7873949764c3a?s=96&d=mm&r=g","url":"https:\/\/secure.gravatar.com\/avatar\/3d3f2fcb093e9c2d13668a154a0a0f6cd486b88af630485da5e7873949764c3a?s=96&d=mm&r=g","contentUrl":"https:\/\/secure.gravatar.com\/avatar\/3d3f2fcb093e9c2d13668a154a0a0f6cd486b88af630485da5e7873949764c3a?s=96&d=mm&r=g","caption":"admin"},"sameAs":["https:\/\/gstf.org"],"url":"https:\/\/gstf.org\/fr\/author\/admin\/"}]}},"_links":{"self":[{"href":"https:\/\/gstf.org\/fr\/wp-json\/wp\/v2\/posts\/7074","targetHints":{"allow":["GET"]}}],"collection":[{"href":"https:\/\/gstf.org\/fr\/wp-json\/wp\/v2\/posts"}],"about":[{"href":"https:\/\/gstf.org\/fr\/wp-json\/wp\/v2\/types\/post"}],"author":[{"embeddable":true,"href":"https:\/\/gstf.org\/fr\/wp-json\/wp\/v2\/users\/1"}],"replies":[{"embeddable":true,"href":"https:\/\/gstf.org\/fr\/wp-json\/wp\/v2\/comments?post=7074"}],"version-history":[{"count":1,"href":"https:\/\/gstf.org\/fr\/wp-json\/wp\/v2\/posts\/7074\/revisions"}],"predecessor-version":[{"id":7076,"href":"https:\/\/gstf.org\/fr\/wp-json\/wp\/v2\/posts\/7074\/revisions\/7076"}],"wp:featuredmedia":[{"embeddable":true,"href":"https:\/\/gstf.org\/fr\/wp-json\/wp\/v2\/media\/7075"}],"wp:attachment":[{"href":"https:\/\/gstf.org\/fr\/wp-json\/wp\/v2\/media?parent=7074"}],"wp:term":[{"taxonomy":"category","embeddable":true,"href":"https:\/\/gstf.org\/fr\/wp-json\/wp\/v2\/categories?post=7074"},{"taxonomy":"post_tag","embeddable":true,"href":"https:\/\/gstf.org\/fr\/wp-json\/wp\/v2\/tags?post=7074"}],"curies":[{"name":"wp","href":"https:\/\/api.w.org\/{rel}","templated":true}]}}