{"id":7411,"date":"2025-01-13T13:51:25","date_gmt":"2025-01-13T12:51:25","guid":{"rendered":"https:\/\/gstf.org\/reportage-de-la-bbc-manifestations-contre-la-construction-du-barrage-de-dege\/"},"modified":"2025-01-13T13:51:55","modified_gmt":"2025-01-13T12:51:55","slug":"reportage-de-la-bbc-manifestations-contre-la-construction-du-barrage-de-dege","status":"publish","type":"post","link":"https:\/\/gstf.org\/fr\/reportage-de-la-bbc-manifestations-contre-la-construction-du-barrage-de-dege\/","title":{"rendered":"Reportage de la BBC : Manifestations contre la construction du barrage de Dege"},"content":{"rendered":"<section class=\"indy-block-section has-white-background-color\">\n      <div class=\"indy-block-section-content\">\n\n<p>En f\u00e9vrier dernier, des informations sur des manifestations contre la construction du barrage de Kamtok dans l&rsquo;est du Tibet sont parvenues \u00e0 l&rsquo;\u00e9tranger. Plus tard, des t\u00e9moignages de personnes concern\u00e9es ont fait \u00e9tat d&rsquo;interdictions d&rsquo;information, de descentes de police, d&rsquo;arrestations et de mauvais traitements en d\u00e9tention. Aujourd&rsquo;hui, la BBC a reconstitu\u00e9, gr\u00e2ce \u00e0 des recherches approfondies et \u00e0 l&rsquo;analyse d&rsquo;images satellites, le d\u00e9roulement des manifestations depuis leur d\u00e9but jusqu&rsquo;\u00e0 leur r\u00e9pression.  <\/p>\n\n\n\n<p>Des rapports individuels ont circul\u00e9 en f\u00e9vrier et mars 2024 sur des protestations, des arrestations et des raids ult\u00e9rieurs. Selon la BBC, les plans de construction du barrage sur la rivi\u00e8re Dri Chu, le cours sup\u00e9rieur du Yangts\u00e9, ont \u00e9t\u00e9 approuv\u00e9s d\u00e8s 2012. Selon le gouvernement, les habitants des villages concern\u00e9s par la construction du barrage par d\u00e9placement ont \u00e9t\u00e9 consult\u00e9s au pr\u00e9alable, et le projet n&rsquo;avancerait que si \u00ab\u00a0au moins 80%\u00a0\u00bb \u00e9taient d&rsquo;accord. Les informateurs de la BBC ont d\u00e9clar\u00e9 qu&rsquo;ils n&rsquo;avaient pas \u00e9t\u00e9 consult\u00e9s de mani\u00e8re pertinente et qu&rsquo;ils n&rsquo;avaient pas re\u00e7u d&rsquo;informations sur les compensations li\u00e9es \u00e0 la r\u00e9installation. Deux informateurs ont d\u00e9clar\u00e9 qu&rsquo;ils n&rsquo;avaient \u00e9t\u00e9 inform\u00e9s qu&rsquo;en f\u00e9vrier 2024 par des cadres du gouvernement qui leur ont dit qu&rsquo;ils devaient d\u00e9m\u00e9nager imm\u00e9diatement. Un rapport de 13 rapporteurs de l&rsquo;ONU est arriv\u00e9 aux m\u00eames conclusions, \u00e0 savoir que les personnes concern\u00e9es n&rsquo;avaient pas \u00e9t\u00e9 consult\u00e9es \u00ab\u00a0de mani\u00e8re significative\u00a0\u00bb. En revanche, les agences gouvernementales ont d\u00e9clar\u00e9 que des fonds avaient \u00e9t\u00e9 allou\u00e9s \u00e0 la construction de nouvelles habitations, \u00e0 des subventions pour les nomades et \u00e0 la pr\u00e9servation des vestiges culturels.      <\/p>\n\n\n\n<p>Plusieurs villages et monast\u00e8res sont concern\u00e9s par la construction du barrage, notamment le monast\u00e8re de Wontoe, vieux de 700 ans, qui abrite des peintures murales d&rsquo;importance historique.<\/p>\n\n\n\n<p>Dans cette situation, des moines ont d\u00e9cid\u00e9 de protester. Deux manifestations se sont d\u00e9roul\u00e9es en parall\u00e8le : l&rsquo;une devant le b\u00e2timent du gouvernement du district de Dege, et l&rsquo;autre dans le village de Xiba, o\u00f9 des Tib\u00e9tains se sont agenouill\u00e9s devant une d\u00e9l\u00e9gation de cadres du gouvernement et ont demand\u00e9, en levant les pouces en guise de geste traditionnel, de renoncer \u00e0 la construction. Des vid\u00e9os de ces \u00e9v\u00e9nements ont \u00e9t\u00e9 diffus\u00e9es \u00e0 l&rsquo;\u00e9tranger.  <\/p>\n\n\n\n<p>Les manifestations ont \u00e9t\u00e9 suivies d&rsquo;arrestations de centaines de protestataires, de mauvais traitements en d\u00e9tention, de raids avec confiscation des t\u00e9l\u00e9phones portables et d&rsquo;un black-out rigoureux des communications. De nombreux Tib\u00e9tains en exil ont d\u00e9clar\u00e9 que nombre de leurs proches \u00e9taient en d\u00e9tention ou ne souhaitaient pas \u00eatre contact\u00e9s par crainte d&rsquo;\u00eatre arr\u00eat\u00e9s. <\/p>\n\n\n\n<p>En r\u00e9ponse, des d\u00e9l\u00e9gations du Parti communiste se sont rendues dans la r\u00e9gion pour expliquer \u00ab\u00a0la n\u00e9cessit\u00e9 de construire un barrage\u00a0\u00bb et prendre des mesures de \u00ab\u00a0stabilit\u00e9\u00a0\u00bb. Un poste de s\u00e9curit\u00e9 a \u00e9galement \u00e9t\u00e9 autoris\u00e9 dans le district de Dege. Alors que les autorit\u00e9s ont d\u00e9clar\u00e9 que les personnes affect\u00e9es avaient d\u00e9j\u00e0 \u00e9t\u00e9 relog\u00e9es et que les vestiges culturels avaient \u00e9t\u00e9 prot\u00e9g\u00e9s, les images satellites ne montrent aucun changement, en particulier aucune activit\u00e9 de construction. De mani\u00e8re g\u00e9n\u00e9rale, le gouvernement justifie la n\u00e9cessit\u00e9 de construire un barrage par des consid\u00e9rations environnementales, \u00e0 savoir la production d&rsquo;\u00e9nergie \u00e0 partir de sources non fossiles.   <\/p>\n\n\n\n<p><em>BBC, 23 d\u00e9cembre 2024 (<\/em><a href=\"https:\/\/www.bbc.co.uk\/news\/articles\/c1d37zg1549o\"><em>https:\/\/www.bbc.co.uk\/news\/articles\/c1d37zg1549o<\/em><\/a><em>)<\/em> \/\/ Dr. Uwe Meya<\/p>\n\n\n\n<p>Photo : R\u00e9seau international du Tibet<\/p>\n\n<\/div>\n  <\/section>\n\n<p><\/p>\n","protected":false},"excerpt":{"rendered":"","protected":false},"author":3,"featured_media":7409,"comment_status":"closed","ping_status":"closed","sticky":false,"template":"","format":"standard","meta":{"_acf_changed":false,"inline_featured_image":false,"footnotes":""},"categories":[21],"tags":[],"class_list":["post-7411","post","type-post","status-publish","format-standard","has-post-thumbnail","hentry","category-tibet-fr"],"acf":[],"yoast_head":"<!-- This site is optimized with the Yoast SEO plugin v27.3 - https:\/\/yoast.com\/product\/yoast-seo-wordpress\/ -->\n<title>Reportage de la BBC : Manifestations contre la construction du barrage de Dege - GSTF<\/title>\n<meta name=\"robots\" content=\"index, follow, max-snippet:-1, max-image-preview:large, max-video-preview:-1\" \/>\n<link rel=\"canonical\" href=\"https:\/\/gstf.org\/fr\/reportage-de-la-bbc-manifestations-contre-la-construction-du-barrage-de-dege\/\" \/>\n<meta property=\"og:locale\" content=\"fr_FR\" \/>\n<meta property=\"og:type\" content=\"article\" \/>\n<meta property=\"og:title\" content=\"Reportage de la BBC : Manifestations contre la construction du barrage de Dege - GSTF\" \/>\n<meta property=\"og:url\" content=\"https:\/\/gstf.org\/fr\/reportage-de-la-bbc-manifestations-contre-la-construction-du-barrage-de-dege\/\" \/>\n<meta property=\"og:site_name\" content=\"GSTF\" \/>\n<meta property=\"article:published_time\" content=\"2025-01-13T12:51:25+00:00\" \/>\n<meta property=\"article:modified_time\" content=\"2025-01-13T12:51:55+00:00\" \/>\n<meta property=\"og:image\" content=\"https:\/\/gstf.org\/wp-content\/uploads\/2025\/01\/Proteste_Dammbau.png\" \/>\n\t<meta property=\"og:image:width\" content=\"602\" \/>\n\t<meta property=\"og:image:height\" content=\"308\" \/>\n\t<meta property=\"og:image:type\" content=\"image\/png\" \/>\n<meta name=\"author\" content=\"GS\" \/>\n<meta name=\"twitter:card\" content=\"summary_large_image\" \/>\n<meta name=\"twitter:label1\" content=\"\u00c9crit par\" \/>\n\t<meta name=\"twitter:data1\" content=\"GS\" \/>\n\t<meta name=\"twitter:label2\" content=\"Dur\u00e9e de lecture estim\u00e9e\" \/>\n\t<meta name=\"twitter:data2\" content=\"3 minutes\" \/>\n<script type=\"application\/ld+json\" class=\"yoast-schema-graph\">{\"@context\":\"https:\\\/\\\/schema.org\",\"@graph\":[{\"@type\":\"Article\",\"@id\":\"https:\\\/\\\/gstf.org\\\/fr\\\/reportage-de-la-bbc-manifestations-contre-la-construction-du-barrage-de-dege\\\/#article\",\"isPartOf\":{\"@id\":\"https:\\\/\\\/gstf.org\\\/fr\\\/reportage-de-la-bbc-manifestations-contre-la-construction-du-barrage-de-dege\\\/\"},\"author\":{\"name\":\"GS\",\"@id\":\"https:\\\/\\\/gstf.org\\\/fr\\\/#\\\/schema\\\/person\\\/33bf26005cf77590c905b4c1c3ba65a4\"},\"headline\":\"Reportage de la BBC : Manifestations contre la construction du barrage de Dege\",\"datePublished\":\"2025-01-13T12:51:25+00:00\",\"dateModified\":\"2025-01-13T12:51:55+00:00\",\"mainEntityOfPage\":{\"@id\":\"https:\\\/\\\/gstf.org\\\/fr\\\/reportage-de-la-bbc-manifestations-contre-la-construction-du-barrage-de-dege\\\/\"},\"wordCount\":634,\"image\":{\"@id\":\"https:\\\/\\\/gstf.org\\\/fr\\\/reportage-de-la-bbc-manifestations-contre-la-construction-du-barrage-de-dege\\\/#primaryimage\"},\"thumbnailUrl\":\"https:\\\/\\\/gstf.org\\\/wp-content\\\/uploads\\\/2025\\\/01\\\/Proteste_Dammbau.png\",\"articleSection\":[\"Tibet\"],\"inLanguage\":\"fr-FR\"},{\"@type\":\"WebPage\",\"@id\":\"https:\\\/\\\/gstf.org\\\/fr\\\/reportage-de-la-bbc-manifestations-contre-la-construction-du-barrage-de-dege\\\/\",\"url\":\"https:\\\/\\\/gstf.org\\\/fr\\\/reportage-de-la-bbc-manifestations-contre-la-construction-du-barrage-de-dege\\\/\",\"name\":\"Reportage de la BBC : Manifestations contre la construction du barrage de Dege - GSTF\",\"isPartOf\":{\"@id\":\"https:\\\/\\\/gstf.org\\\/fr\\\/#website\"},\"primaryImageOfPage\":{\"@id\":\"https:\\\/\\\/gstf.org\\\/fr\\\/reportage-de-la-bbc-manifestations-contre-la-construction-du-barrage-de-dege\\\/#primaryimage\"},\"image\":{\"@id\":\"https:\\\/\\\/gstf.org\\\/fr\\\/reportage-de-la-bbc-manifestations-contre-la-construction-du-barrage-de-dege\\\/#primaryimage\"},\"thumbnailUrl\":\"https:\\\/\\\/gstf.org\\\/wp-content\\\/uploads\\\/2025\\\/01\\\/Proteste_Dammbau.png\",\"datePublished\":\"2025-01-13T12:51:25+00:00\",\"dateModified\":\"2025-01-13T12:51:55+00:00\",\"author\":{\"@id\":\"https:\\\/\\\/gstf.org\\\/fr\\\/#\\\/schema\\\/person\\\/33bf26005cf77590c905b4c1c3ba65a4\"},\"breadcrumb\":{\"@id\":\"https:\\\/\\\/gstf.org\\\/fr\\\/reportage-de-la-bbc-manifestations-contre-la-construction-du-barrage-de-dege\\\/#breadcrumb\"},\"inLanguage\":\"fr-FR\",\"potentialAction\":[{\"@type\":\"ReadAction\",\"target\":[\"https:\\\/\\\/gstf.org\\\/fr\\\/reportage-de-la-bbc-manifestations-contre-la-construction-du-barrage-de-dege\\\/\"]}]},{\"@type\":\"ImageObject\",\"inLanguage\":\"fr-FR\",\"@id\":\"https:\\\/\\\/gstf.org\\\/fr\\\/reportage-de-la-bbc-manifestations-contre-la-construction-du-barrage-de-dege\\\/#primaryimage\",\"url\":\"https:\\\/\\\/gstf.org\\\/wp-content\\\/uploads\\\/2025\\\/01\\\/Proteste_Dammbau.png\",\"contentUrl\":\"https:\\\/\\\/gstf.org\\\/wp-content\\\/uploads\\\/2025\\\/01\\\/Proteste_Dammbau.png\",\"width\":602,\"height\":308},{\"@type\":\"BreadcrumbList\",\"@id\":\"https:\\\/\\\/gstf.org\\\/fr\\\/reportage-de-la-bbc-manifestations-contre-la-construction-du-barrage-de-dege\\\/#breadcrumb\",\"itemListElement\":[{\"@type\":\"ListItem\",\"position\":1,\"name\":\"Startseite\",\"item\":\"https:\\\/\\\/gstf.org\\\/fr\\\/page-daccueil\\\/\"},{\"@type\":\"ListItem\",\"position\":2,\"name\":\"Reportage de la BBC : Manifestations contre la construction du barrage de Dege\"}]},{\"@type\":\"WebSite\",\"@id\":\"https:\\\/\\\/gstf.org\\\/fr\\\/#website\",\"url\":\"https:\\\/\\\/gstf.org\\\/fr\\\/\",\"name\":\"GSTF\",\"description\":\"Gesellschaft Schweizerisch-Tibetische Freundschaft\",\"potentialAction\":[{\"@type\":\"SearchAction\",\"target\":{\"@type\":\"EntryPoint\",\"urlTemplate\":\"https:\\\/\\\/gstf.org\\\/fr\\\/?s={search_term_string}\"},\"query-input\":{\"@type\":\"PropertyValueSpecification\",\"valueRequired\":true,\"valueName\":\"search_term_string\"}}],\"inLanguage\":\"fr-FR\"},{\"@type\":\"Person\",\"@id\":\"https:\\\/\\\/gstf.org\\\/fr\\\/#\\\/schema\\\/person\\\/33bf26005cf77590c905b4c1c3ba65a4\",\"name\":\"GS\",\"image\":{\"@type\":\"ImageObject\",\"inLanguage\":\"fr-FR\",\"@id\":\"https:\\\/\\\/secure.gravatar.com\\\/avatar\\\/8546b49f3c694d3705079c42c736bcafa5061cb5c69b427c6dec74f97077f191?s=96&d=mm&r=g\",\"url\":\"https:\\\/\\\/secure.gravatar.com\\\/avatar\\\/8546b49f3c694d3705079c42c736bcafa5061cb5c69b427c6dec74f97077f191?s=96&d=mm&r=g\",\"contentUrl\":\"https:\\\/\\\/secure.gravatar.com\\\/avatar\\\/8546b49f3c694d3705079c42c736bcafa5061cb5c69b427c6dec74f97077f191?s=96&d=mm&r=g\",\"caption\":\"GS\"},\"url\":\"https:\\\/\\\/gstf.org\\\/fr\\\/author\\\/bettina-eckert\\\/\"}]}<\/script>\n<!-- \/ Yoast SEO plugin. -->","yoast_head_json":{"title":"Reportage de la BBC : Manifestations contre la construction du barrage de Dege - GSTF","robots":{"index":"index","follow":"follow","max-snippet":"max-snippet:-1","max-image-preview":"max-image-preview:large","max-video-preview":"max-video-preview:-1"},"canonical":"https:\/\/gstf.org\/fr\/reportage-de-la-bbc-manifestations-contre-la-construction-du-barrage-de-dege\/","og_locale":"fr_FR","og_type":"article","og_title":"Reportage de la BBC : Manifestations contre la construction du barrage de Dege - GSTF","og_url":"https:\/\/gstf.org\/fr\/reportage-de-la-bbc-manifestations-contre-la-construction-du-barrage-de-dege\/","og_site_name":"GSTF","article_published_time":"2025-01-13T12:51:25+00:00","article_modified_time":"2025-01-13T12:51:55+00:00","og_image":[{"width":602,"height":308,"url":"https:\/\/gstf.org\/wp-content\/uploads\/2025\/01\/Proteste_Dammbau.png","type":"image\/png"}],"author":"GS","twitter_card":"summary_large_image","twitter_misc":{"\u00c9crit par":"GS","Dur\u00e9e de lecture estim\u00e9e":"3 minutes"},"schema":{"@context":"https:\/\/schema.org","@graph":[{"@type":"Article","@id":"https:\/\/gstf.org\/fr\/reportage-de-la-bbc-manifestations-contre-la-construction-du-barrage-de-dege\/#article","isPartOf":{"@id":"https:\/\/gstf.org\/fr\/reportage-de-la-bbc-manifestations-contre-la-construction-du-barrage-de-dege\/"},"author":{"name":"GS","@id":"https:\/\/gstf.org\/fr\/#\/schema\/person\/33bf26005cf77590c905b4c1c3ba65a4"},"headline":"Reportage de la BBC : Manifestations contre la construction du barrage de Dege","datePublished":"2025-01-13T12:51:25+00:00","dateModified":"2025-01-13T12:51:55+00:00","mainEntityOfPage":{"@id":"https:\/\/gstf.org\/fr\/reportage-de-la-bbc-manifestations-contre-la-construction-du-barrage-de-dege\/"},"wordCount":634,"image":{"@id":"https:\/\/gstf.org\/fr\/reportage-de-la-bbc-manifestations-contre-la-construction-du-barrage-de-dege\/#primaryimage"},"thumbnailUrl":"https:\/\/gstf.org\/wp-content\/uploads\/2025\/01\/Proteste_Dammbau.png","articleSection":["Tibet"],"inLanguage":"fr-FR"},{"@type":"WebPage","@id":"https:\/\/gstf.org\/fr\/reportage-de-la-bbc-manifestations-contre-la-construction-du-barrage-de-dege\/","url":"https:\/\/gstf.org\/fr\/reportage-de-la-bbc-manifestations-contre-la-construction-du-barrage-de-dege\/","name":"Reportage de la BBC : Manifestations contre la construction du barrage de Dege - GSTF","isPartOf":{"@id":"https:\/\/gstf.org\/fr\/#website"},"primaryImageOfPage":{"@id":"https:\/\/gstf.org\/fr\/reportage-de-la-bbc-manifestations-contre-la-construction-du-barrage-de-dege\/#primaryimage"},"image":{"@id":"https:\/\/gstf.org\/fr\/reportage-de-la-bbc-manifestations-contre-la-construction-du-barrage-de-dege\/#primaryimage"},"thumbnailUrl":"https:\/\/gstf.org\/wp-content\/uploads\/2025\/01\/Proteste_Dammbau.png","datePublished":"2025-01-13T12:51:25+00:00","dateModified":"2025-01-13T12:51:55+00:00","author":{"@id":"https:\/\/gstf.org\/fr\/#\/schema\/person\/33bf26005cf77590c905b4c1c3ba65a4"},"breadcrumb":{"@id":"https:\/\/gstf.org\/fr\/reportage-de-la-bbc-manifestations-contre-la-construction-du-barrage-de-dege\/#breadcrumb"},"inLanguage":"fr-FR","potentialAction":[{"@type":"ReadAction","target":["https:\/\/gstf.org\/fr\/reportage-de-la-bbc-manifestations-contre-la-construction-du-barrage-de-dege\/"]}]},{"@type":"ImageObject","inLanguage":"fr-FR","@id":"https:\/\/gstf.org\/fr\/reportage-de-la-bbc-manifestations-contre-la-construction-du-barrage-de-dege\/#primaryimage","url":"https:\/\/gstf.org\/wp-content\/uploads\/2025\/01\/Proteste_Dammbau.png","contentUrl":"https:\/\/gstf.org\/wp-content\/uploads\/2025\/01\/Proteste_Dammbau.png","width":602,"height":308},{"@type":"BreadcrumbList","@id":"https:\/\/gstf.org\/fr\/reportage-de-la-bbc-manifestations-contre-la-construction-du-barrage-de-dege\/#breadcrumb","itemListElement":[{"@type":"ListItem","position":1,"name":"Startseite","item":"https:\/\/gstf.org\/fr\/page-daccueil\/"},{"@type":"ListItem","position":2,"name":"Reportage de la BBC : Manifestations contre la construction du barrage de Dege"}]},{"@type":"WebSite","@id":"https:\/\/gstf.org\/fr\/#website","url":"https:\/\/gstf.org\/fr\/","name":"GSTF","description":"Gesellschaft Schweizerisch-Tibetische Freundschaft","potentialAction":[{"@type":"SearchAction","target":{"@type":"EntryPoint","urlTemplate":"https:\/\/gstf.org\/fr\/?s={search_term_string}"},"query-input":{"@type":"PropertyValueSpecification","valueRequired":true,"valueName":"search_term_string"}}],"inLanguage":"fr-FR"},{"@type":"Person","@id":"https:\/\/gstf.org\/fr\/#\/schema\/person\/33bf26005cf77590c905b4c1c3ba65a4","name":"GS","image":{"@type":"ImageObject","inLanguage":"fr-FR","@id":"https:\/\/secure.gravatar.com\/avatar\/8546b49f3c694d3705079c42c736bcafa5061cb5c69b427c6dec74f97077f191?s=96&d=mm&r=g","url":"https:\/\/secure.gravatar.com\/avatar\/8546b49f3c694d3705079c42c736bcafa5061cb5c69b427c6dec74f97077f191?s=96&d=mm&r=g","contentUrl":"https:\/\/secure.gravatar.com\/avatar\/8546b49f3c694d3705079c42c736bcafa5061cb5c69b427c6dec74f97077f191?s=96&d=mm&r=g","caption":"GS"},"url":"https:\/\/gstf.org\/fr\/author\/bettina-eckert\/"}]}},"_links":{"self":[{"href":"https:\/\/gstf.org\/fr\/wp-json\/wp\/v2\/posts\/7411","targetHints":{"allow":["GET"]}}],"collection":[{"href":"https:\/\/gstf.org\/fr\/wp-json\/wp\/v2\/posts"}],"about":[{"href":"https:\/\/gstf.org\/fr\/wp-json\/wp\/v2\/types\/post"}],"author":[{"embeddable":true,"href":"https:\/\/gstf.org\/fr\/wp-json\/wp\/v2\/users\/3"}],"replies":[{"embeddable":true,"href":"https:\/\/gstf.org\/fr\/wp-json\/wp\/v2\/comments?post=7411"}],"version-history":[{"count":1,"href":"https:\/\/gstf.org\/fr\/wp-json\/wp\/v2\/posts\/7411\/revisions"}],"predecessor-version":[{"id":7412,"href":"https:\/\/gstf.org\/fr\/wp-json\/wp\/v2\/posts\/7411\/revisions\/7412"}],"wp:featuredmedia":[{"embeddable":true,"href":"https:\/\/gstf.org\/fr\/wp-json\/wp\/v2\/media\/7409"}],"wp:attachment":[{"href":"https:\/\/gstf.org\/fr\/wp-json\/wp\/v2\/media?parent=7411"}],"wp:term":[{"taxonomy":"category","embeddable":true,"href":"https:\/\/gstf.org\/fr\/wp-json\/wp\/v2\/categories?post=7411"},{"taxonomy":"post_tag","embeddable":true,"href":"https:\/\/gstf.org\/fr\/wp-json\/wp\/v2\/tags?post=7411"}],"curies":[{"name":"wp","href":"https:\/\/api.w.org\/{rel}","templated":true}]}}