{"id":7437,"date":"2025-01-13T14:52:45","date_gmt":"2025-01-13T13:52:45","guid":{"rendered":"https:\/\/gstf.org\/we-run-for-tibet-2025\/"},"modified":"2025-02-05T11:10:42","modified_gmt":"2025-02-05T10:10:42","slug":"we-run-for-tibet-2025","status":"publish","type":"post","link":"https:\/\/gstf.org\/fr\/we-run-for-tibet-2025\/","title":{"rendered":"We Run for Tibet 2025"},"content":{"rendered":"<section class=\"indy-block-section has-white-background-color\">\n      <div class=\"indy-block-section-content\">\n\n<p><em>We Run for Tibet<\/em> est une initiative priv\u00e9e de Dominik Kelsang Erne et de ses amis, en collaboration avec Soci\u00e9t\u00e9 d\u2019Amiti\u00e9 Suisse-Tib\u00e9taine, en bref SAST.<em><br\/>We Run for Tibet<\/em> a une signification particuli\u00e8re, car il co\u00efncide avec le 10 mars &#8211; le jour du soul\u00e8vement du peuple tib\u00e9tain contre l&rsquo;occupant chinois \u00e0 Lhassa en 1959.<\/p>\n\n\n\n<h2 class=\"wp-block-heading\">Un signe pour la libert\u00e9 et l&rsquo;identit\u00e9 du Tibet<\/h2>\n\n\n\n<p>\u00ab\u00a0We Run for Tibet\u00a0\u00bb est une action cr\u00e9ative et puissante pour rappeler aux gens en Suisse et dans le monde entier la lutte pacifique des Tib\u00e9tains pour la libert\u00e9 et l&rsquo;autod\u00e9termination. Dans un monde o\u00f9 la R\u00e9publique populaire de Chine cherche \u00e0 dominer tout en essayant d&rsquo;\u00e9radiquer la culture, la religion et l&rsquo;identit\u00e9 tib\u00e9taines \u00e0 l&rsquo;int\u00e9rieur du pays, nous devons continuer \u00e0 soutenir la cause du Tibet\u00a0\u00bb.<\/p>\n\n\n\n<p>&#8211; Dr. Uwe Meya (membre du conseil d&rsquo;administration de Soci\u00e9t\u00e9 d\u2019Amiti\u00e9 Suisse-Tib\u00e9taine &#8211; SAST)<\/p>\n\n\n\n<h2 class=\"wp-block-heading\">We Run for Tibet &#8211; 2\u00e8me \u00e9dition en 2025<\/h2>\n\n\n\n<p>D\u00e9sormais, \u00ab\u00a0We Run for Tibet\u00a0\u00bb s&rsquo;\u00e9tendra \u00e0 toute la Suisse. La course d\u00e9butera le samedi 8 mars \u00e0 8h00 au Village d&rsquo;enfants Pestalozzi \u00e0 Trogen &#8211; o\u00f9 de nombreux enfants tib\u00e9tains ont trouv\u00e9 refuge dans les ann\u00e9es 1960 et 1970 &#8211; et se terminera le lundi 10 mars aux Nations Unies \u00e0 Gen\u00e8ve. <\/p>\n\n\n\n<p>Men\u00e9 par Dominik Kelsang Erne, quintuple champion suisse d&rsquo;ultramarathon d&rsquo;origine tib\u00e9taine, et accompagn\u00e9 de nombreux soutiens, \u00ab\u00a0We Run for Tibet\u00a0\u00bb se transforme en un voyage extraordinaire : 380 kilom\u00e8tres non-stop \u00e0 travers la Suisse, d&rsquo;est en ouest.  <\/p>\n\n\n\n<p><a href=\"https:\/\/werunfortibet.com\/de\/we-run-for-tibet-2025\/\">Nous courons pour le Tibet 2025 &#8211; Nous courons pour le Tibet<\/a><\/p>\n\n\n\n<p><a href=\"https:\/\/werunfortibet.com\/de\/how-to-participate\/#Participate\">Comment participer &#8211; Nous courons pour le Tibet<\/a><\/p>\n\n<\/div>\n  <\/section>\n\n<p><\/p>\n","protected":false},"excerpt":{"rendered":"","protected":false},"author":3,"featured_media":7566,"comment_status":"closed","ping_status":"closed","sticky":false,"template":"","format":"standard","meta":{"_acf_changed":false,"inline_featured_image":false,"footnotes":""},"categories":[19],"tags":[],"class_list":["post-7437","post","type-post","status-publish","format-standard","has-post-thumbnail","hentry","category-campagnes"],"acf":[],"yoast_head":"<!-- This site is optimized with the Yoast SEO plugin v27.3 - https:\/\/yoast.com\/product\/yoast-seo-wordpress\/ -->\n<title>We Run for Tibet 2025 - GSTF<\/title>\n<meta name=\"robots\" content=\"index, follow, max-snippet:-1, max-image-preview:large, max-video-preview:-1\" \/>\n<link rel=\"canonical\" href=\"https:\/\/gstf.org\/fr\/we-run-for-tibet-2025\/\" \/>\n<meta property=\"og:locale\" content=\"fr_FR\" \/>\n<meta property=\"og:type\" content=\"article\" \/>\n<meta property=\"og:title\" content=\"We Run for Tibet 2025 - GSTF\" \/>\n<meta property=\"og:url\" content=\"https:\/\/gstf.org\/fr\/we-run-for-tibet-2025\/\" \/>\n<meta property=\"og:site_name\" content=\"GSTF\" \/>\n<meta property=\"article:published_time\" content=\"2025-01-13T13:52:45+00:00\" \/>\n<meta property=\"article:modified_time\" content=\"2025-02-05T10:10:42+00:00\" \/>\n<meta property=\"og:image\" content=\"https:\/\/gstf.org\/wp-content\/uploads\/2025\/01\/DSC1950_kleiner-scaled.jpg\" \/>\n\t<meta property=\"og:image:width\" content=\"2560\" \/>\n\t<meta property=\"og:image:height\" content=\"1920\" \/>\n\t<meta property=\"og:image:type\" content=\"image\/jpeg\" \/>\n<meta name=\"author\" content=\"GS\" \/>\n<meta name=\"twitter:card\" content=\"summary_large_image\" \/>\n<meta name=\"twitter:label1\" content=\"\u00c9crit par\" \/>\n\t<meta name=\"twitter:data1\" content=\"GS\" \/>\n\t<meta name=\"twitter:label2\" content=\"Dur\u00e9e de lecture estim\u00e9e\" \/>\n\t<meta name=\"twitter:data2\" content=\"1 minute\" \/>\n<script type=\"application\/ld+json\" class=\"yoast-schema-graph\">{\"@context\":\"https:\\\/\\\/schema.org\",\"@graph\":[{\"@type\":\"Article\",\"@id\":\"https:\\\/\\\/gstf.org\\\/fr\\\/we-run-for-tibet-2025\\\/#article\",\"isPartOf\":{\"@id\":\"https:\\\/\\\/gstf.org\\\/fr\\\/we-run-for-tibet-2025\\\/\"},\"author\":{\"name\":\"GS\",\"@id\":\"https:\\\/\\\/gstf.org\\\/fr\\\/#\\\/schema\\\/person\\\/33bf26005cf77590c905b4c1c3ba65a4\"},\"headline\":\"We Run for Tibet 2025\",\"datePublished\":\"2025-01-13T13:52:45+00:00\",\"dateModified\":\"2025-02-05T10:10:42+00:00\",\"mainEntityOfPage\":{\"@id\":\"https:\\\/\\\/gstf.org\\\/fr\\\/we-run-for-tibet-2025\\\/\"},\"wordCount\":285,\"image\":{\"@id\":\"https:\\\/\\\/gstf.org\\\/fr\\\/we-run-for-tibet-2025\\\/#primaryimage\"},\"thumbnailUrl\":\"https:\\\/\\\/gstf.org\\\/wp-content\\\/uploads\\\/2025\\\/01\\\/DSC1950_kleiner-scaled.jpg\",\"articleSection\":[\"Campagnes\"],\"inLanguage\":\"fr-FR\"},{\"@type\":\"WebPage\",\"@id\":\"https:\\\/\\\/gstf.org\\\/fr\\\/we-run-for-tibet-2025\\\/\",\"url\":\"https:\\\/\\\/gstf.org\\\/fr\\\/we-run-for-tibet-2025\\\/\",\"name\":\"We Run for Tibet 2025 - GSTF\",\"isPartOf\":{\"@id\":\"https:\\\/\\\/gstf.org\\\/fr\\\/#website\"},\"primaryImageOfPage\":{\"@id\":\"https:\\\/\\\/gstf.org\\\/fr\\\/we-run-for-tibet-2025\\\/#primaryimage\"},\"image\":{\"@id\":\"https:\\\/\\\/gstf.org\\\/fr\\\/we-run-for-tibet-2025\\\/#primaryimage\"},\"thumbnailUrl\":\"https:\\\/\\\/gstf.org\\\/wp-content\\\/uploads\\\/2025\\\/01\\\/DSC1950_kleiner-scaled.jpg\",\"datePublished\":\"2025-01-13T13:52:45+00:00\",\"dateModified\":\"2025-02-05T10:10:42+00:00\",\"author\":{\"@id\":\"https:\\\/\\\/gstf.org\\\/fr\\\/#\\\/schema\\\/person\\\/33bf26005cf77590c905b4c1c3ba65a4\"},\"breadcrumb\":{\"@id\":\"https:\\\/\\\/gstf.org\\\/fr\\\/we-run-for-tibet-2025\\\/#breadcrumb\"},\"inLanguage\":\"fr-FR\",\"potentialAction\":[{\"@type\":\"ReadAction\",\"target\":[\"https:\\\/\\\/gstf.org\\\/fr\\\/we-run-for-tibet-2025\\\/\"]}]},{\"@type\":\"ImageObject\",\"inLanguage\":\"fr-FR\",\"@id\":\"https:\\\/\\\/gstf.org\\\/fr\\\/we-run-for-tibet-2025\\\/#primaryimage\",\"url\":\"https:\\\/\\\/gstf.org\\\/wp-content\\\/uploads\\\/2025\\\/01\\\/DSC1950_kleiner-scaled.jpg\",\"contentUrl\":\"https:\\\/\\\/gstf.org\\\/wp-content\\\/uploads\\\/2025\\\/01\\\/DSC1950_kleiner-scaled.jpg\",\"width\":2560,\"height\":1920},{\"@type\":\"BreadcrumbList\",\"@id\":\"https:\\\/\\\/gstf.org\\\/fr\\\/we-run-for-tibet-2025\\\/#breadcrumb\",\"itemListElement\":[{\"@type\":\"ListItem\",\"position\":1,\"name\":\"Startseite\",\"item\":\"https:\\\/\\\/gstf.org\\\/fr\\\/page-daccueil\\\/\"},{\"@type\":\"ListItem\",\"position\":2,\"name\":\"We Run for Tibet 2025\"}]},{\"@type\":\"WebSite\",\"@id\":\"https:\\\/\\\/gstf.org\\\/fr\\\/#website\",\"url\":\"https:\\\/\\\/gstf.org\\\/fr\\\/\",\"name\":\"GSTF\",\"description\":\"Gesellschaft Schweizerisch-Tibetische Freundschaft\",\"potentialAction\":[{\"@type\":\"SearchAction\",\"target\":{\"@type\":\"EntryPoint\",\"urlTemplate\":\"https:\\\/\\\/gstf.org\\\/fr\\\/?s={search_term_string}\"},\"query-input\":{\"@type\":\"PropertyValueSpecification\",\"valueRequired\":true,\"valueName\":\"search_term_string\"}}],\"inLanguage\":\"fr-FR\"},{\"@type\":\"Person\",\"@id\":\"https:\\\/\\\/gstf.org\\\/fr\\\/#\\\/schema\\\/person\\\/33bf26005cf77590c905b4c1c3ba65a4\",\"name\":\"GS\",\"image\":{\"@type\":\"ImageObject\",\"inLanguage\":\"fr-FR\",\"@id\":\"https:\\\/\\\/secure.gravatar.com\\\/avatar\\\/8546b49f3c694d3705079c42c736bcafa5061cb5c69b427c6dec74f97077f191?s=96&d=mm&r=g\",\"url\":\"https:\\\/\\\/secure.gravatar.com\\\/avatar\\\/8546b49f3c694d3705079c42c736bcafa5061cb5c69b427c6dec74f97077f191?s=96&d=mm&r=g\",\"contentUrl\":\"https:\\\/\\\/secure.gravatar.com\\\/avatar\\\/8546b49f3c694d3705079c42c736bcafa5061cb5c69b427c6dec74f97077f191?s=96&d=mm&r=g\",\"caption\":\"GS\"},\"url\":\"https:\\\/\\\/gstf.org\\\/fr\\\/author\\\/bettina-eckert\\\/\"}]}<\/script>\n<!-- \/ Yoast SEO plugin. -->","yoast_head_json":{"title":"We Run for Tibet 2025 - GSTF","robots":{"index":"index","follow":"follow","max-snippet":"max-snippet:-1","max-image-preview":"max-image-preview:large","max-video-preview":"max-video-preview:-1"},"canonical":"https:\/\/gstf.org\/fr\/we-run-for-tibet-2025\/","og_locale":"fr_FR","og_type":"article","og_title":"We Run for Tibet 2025 - GSTF","og_url":"https:\/\/gstf.org\/fr\/we-run-for-tibet-2025\/","og_site_name":"GSTF","article_published_time":"2025-01-13T13:52:45+00:00","article_modified_time":"2025-02-05T10:10:42+00:00","og_image":[{"width":2560,"height":1920,"url":"https:\/\/gstf.org\/wp-content\/uploads\/2025\/01\/DSC1950_kleiner-scaled.jpg","type":"image\/jpeg"}],"author":"GS","twitter_card":"summary_large_image","twitter_misc":{"\u00c9crit par":"GS","Dur\u00e9e de lecture estim\u00e9e":"1 minute"},"schema":{"@context":"https:\/\/schema.org","@graph":[{"@type":"Article","@id":"https:\/\/gstf.org\/fr\/we-run-for-tibet-2025\/#article","isPartOf":{"@id":"https:\/\/gstf.org\/fr\/we-run-for-tibet-2025\/"},"author":{"name":"GS","@id":"https:\/\/gstf.org\/fr\/#\/schema\/person\/33bf26005cf77590c905b4c1c3ba65a4"},"headline":"We Run for Tibet 2025","datePublished":"2025-01-13T13:52:45+00:00","dateModified":"2025-02-05T10:10:42+00:00","mainEntityOfPage":{"@id":"https:\/\/gstf.org\/fr\/we-run-for-tibet-2025\/"},"wordCount":285,"image":{"@id":"https:\/\/gstf.org\/fr\/we-run-for-tibet-2025\/#primaryimage"},"thumbnailUrl":"https:\/\/gstf.org\/wp-content\/uploads\/2025\/01\/DSC1950_kleiner-scaled.jpg","articleSection":["Campagnes"],"inLanguage":"fr-FR"},{"@type":"WebPage","@id":"https:\/\/gstf.org\/fr\/we-run-for-tibet-2025\/","url":"https:\/\/gstf.org\/fr\/we-run-for-tibet-2025\/","name":"We Run for Tibet 2025 - GSTF","isPartOf":{"@id":"https:\/\/gstf.org\/fr\/#website"},"primaryImageOfPage":{"@id":"https:\/\/gstf.org\/fr\/we-run-for-tibet-2025\/#primaryimage"},"image":{"@id":"https:\/\/gstf.org\/fr\/we-run-for-tibet-2025\/#primaryimage"},"thumbnailUrl":"https:\/\/gstf.org\/wp-content\/uploads\/2025\/01\/DSC1950_kleiner-scaled.jpg","datePublished":"2025-01-13T13:52:45+00:00","dateModified":"2025-02-05T10:10:42+00:00","author":{"@id":"https:\/\/gstf.org\/fr\/#\/schema\/person\/33bf26005cf77590c905b4c1c3ba65a4"},"breadcrumb":{"@id":"https:\/\/gstf.org\/fr\/we-run-for-tibet-2025\/#breadcrumb"},"inLanguage":"fr-FR","potentialAction":[{"@type":"ReadAction","target":["https:\/\/gstf.org\/fr\/we-run-for-tibet-2025\/"]}]},{"@type":"ImageObject","inLanguage":"fr-FR","@id":"https:\/\/gstf.org\/fr\/we-run-for-tibet-2025\/#primaryimage","url":"https:\/\/gstf.org\/wp-content\/uploads\/2025\/01\/DSC1950_kleiner-scaled.jpg","contentUrl":"https:\/\/gstf.org\/wp-content\/uploads\/2025\/01\/DSC1950_kleiner-scaled.jpg","width":2560,"height":1920},{"@type":"BreadcrumbList","@id":"https:\/\/gstf.org\/fr\/we-run-for-tibet-2025\/#breadcrumb","itemListElement":[{"@type":"ListItem","position":1,"name":"Startseite","item":"https:\/\/gstf.org\/fr\/page-daccueil\/"},{"@type":"ListItem","position":2,"name":"We Run for Tibet 2025"}]},{"@type":"WebSite","@id":"https:\/\/gstf.org\/fr\/#website","url":"https:\/\/gstf.org\/fr\/","name":"GSTF","description":"Gesellschaft Schweizerisch-Tibetische Freundschaft","potentialAction":[{"@type":"SearchAction","target":{"@type":"EntryPoint","urlTemplate":"https:\/\/gstf.org\/fr\/?s={search_term_string}"},"query-input":{"@type":"PropertyValueSpecification","valueRequired":true,"valueName":"search_term_string"}}],"inLanguage":"fr-FR"},{"@type":"Person","@id":"https:\/\/gstf.org\/fr\/#\/schema\/person\/33bf26005cf77590c905b4c1c3ba65a4","name":"GS","image":{"@type":"ImageObject","inLanguage":"fr-FR","@id":"https:\/\/secure.gravatar.com\/avatar\/8546b49f3c694d3705079c42c736bcafa5061cb5c69b427c6dec74f97077f191?s=96&d=mm&r=g","url":"https:\/\/secure.gravatar.com\/avatar\/8546b49f3c694d3705079c42c736bcafa5061cb5c69b427c6dec74f97077f191?s=96&d=mm&r=g","contentUrl":"https:\/\/secure.gravatar.com\/avatar\/8546b49f3c694d3705079c42c736bcafa5061cb5c69b427c6dec74f97077f191?s=96&d=mm&r=g","caption":"GS"},"url":"https:\/\/gstf.org\/fr\/author\/bettina-eckert\/"}]}},"_links":{"self":[{"href":"https:\/\/gstf.org\/fr\/wp-json\/wp\/v2\/posts\/7437","targetHints":{"allow":["GET"]}}],"collection":[{"href":"https:\/\/gstf.org\/fr\/wp-json\/wp\/v2\/posts"}],"about":[{"href":"https:\/\/gstf.org\/fr\/wp-json\/wp\/v2\/types\/post"}],"author":[{"embeddable":true,"href":"https:\/\/gstf.org\/fr\/wp-json\/wp\/v2\/users\/3"}],"replies":[{"embeddable":true,"href":"https:\/\/gstf.org\/fr\/wp-json\/wp\/v2\/comments?post=7437"}],"version-history":[{"count":1,"href":"https:\/\/gstf.org\/fr\/wp-json\/wp\/v2\/posts\/7437\/revisions"}],"predecessor-version":[{"id":7438,"href":"https:\/\/gstf.org\/fr\/wp-json\/wp\/v2\/posts\/7437\/revisions\/7438"}],"wp:featuredmedia":[{"embeddable":true,"href":"https:\/\/gstf.org\/fr\/wp-json\/wp\/v2\/media\/7566"}],"wp:attachment":[{"href":"https:\/\/gstf.org\/fr\/wp-json\/wp\/v2\/media?parent=7437"}],"wp:term":[{"taxonomy":"category","embeddable":true,"href":"https:\/\/gstf.org\/fr\/wp-json\/wp\/v2\/categories?post=7437"},{"taxonomy":"post_tag","embeddable":true,"href":"https:\/\/gstf.org\/fr\/wp-json\/wp\/v2\/tags?post=7437"}],"curies":[{"name":"wp","href":"https:\/\/api.w.org\/{rel}","templated":true}]}}