{"id":7516,"date":"2025-01-29T13:19:13","date_gmt":"2025-01-29T12:19:13","guid":{"rendered":"https:\/\/gstf.org\/necrologie-pour-tashi-tsering\/"},"modified":"2025-02-12T11:40:59","modified_gmt":"2025-02-12T10:40:59","slug":"necrologie-pour-tashi-tsering","status":"publish","type":"post","link":"https:\/\/gstf.org\/fr\/necrologie-pour-tashi-tsering\/","title":{"rendered":"N\u00e9crologie pour Tashi Tsering"},"content":{"rendered":"<section class=\"indy-block-section has-white-background-color\">\n      <div class=\"indy-block-section-content\">\n\n<p>Dimanche dernier, nous avons appris le d\u00e9c\u00e8s pr\u00e9matur\u00e9 de Tashi Tsering, survenu dans la soir\u00e9e du lundi 20 janvier 2025.<\/p>\n\n\n\n<p>Tashi a \u00e9t\u00e9 pendant de nombreuses ann\u00e9es un membre pr\u00e9cieux de la section SAST du nord-ouest de la Suisse et il a travaill\u00e9 sans rel\u00e2che pour d\u00e9fendre les causes, les droits et l&rsquo;int\u00e9gration des Tib\u00e9tains en Suisse et en particulier dans le nord-ouest de la Suisse.<\/p>\n\n\n\n<p>Nous perdons un homme exceptionnel et un militant de toute une vie pour la justice sociale.<\/p>\n\n\n\n<p>Une perte pour nous tous et pour la Terre.<\/p>\n\n\n\n<p>Nous avons une pens\u00e9e particuli\u00e8re pour sa famille et ses amis les plus proches.<\/p>\n\n\n\n<p>Nous vous souhaitons beaucoup de courage pour dire adieu \u00e0 Tashi.<\/p>\n\n\n\n<p>Cette citation correspond \u00e0 un aspect de Tashi qui le poussait toujours \u00e0 aller de l&rsquo;avant et le rendait impatient lorsque les projets n&rsquo;avan\u00e7aient pas.<\/p>\n\n\n\n<div class=\"wp-block-columns is-layout-flex wp-container-core-columns-is-layout-9d6595d7 wp-block-columns-is-layout-flex\">\n<div class=\"wp-block-column is-layout-flow wp-block-column-is-layout-flow\"><\/div>\n\n\n\n<div class=\"wp-block-column is-layout-flow wp-block-column-is-layout-flow\">\n<p><em>Le jour o\u00f9 vous \u00eates n\u00e9, vous avez commenc\u00e9 \u00e0 mourir\u00a0\u00bb.<\/em><\/p>\n\n\n\n<p><em>Do not waste a single moment more\u00a0\u00bb (ne perdez pas un seul instant de plus).<\/em><\/p>\n\n\n\n<p>Dilgo Khyents\u00e9 Rinpoch\u00e9<\/p>\n<\/div>\n\n\n\n<div class=\"wp-block-column is-layout-flow wp-block-column-is-layout-flow\"><\/div>\n<\/div>\n\n\n\n<p><\/p>\n\n\n\n<p>Conseil d&rsquo;administration SAST 29 janvier 2025<\/p>\n\n<\/div>\n  <\/section>\n\n<p><a href=\"https:\/\/gstf.org\/wp-content\/uploads\/2025\/02\/Mitteilung-von-der-Trauer-Familie-ohne-P.pdf\">N\u00e9crologie du groupe Famille et enfants plac\u00e9s<\/a><\/p>\n\n<p><a href=\"https:\/\/gstf.org\/wp-content\/uploads\/2025\/02\/2025_Gebetstag-fuer-den-verstorbenen-Tashi-Tsering.pdf\">Discours comm\u00e9moratif de Kelsang Gyaltsen<\/a><\/p>\n\n<p><\/p>\n","protected":false},"excerpt":{"rendered":"<p>N\u00e9crologie du groupe Famille et enfants plac\u00e9s Discours comm\u00e9moratif de Kelsang Gyaltsen<\/p>\n","protected":false},"author":3,"featured_media":7510,"comment_status":"closed","ping_status":"closed","sticky":false,"template":"","format":"standard","meta":{"_acf_changed":false,"inline_featured_image":false,"footnotes":""},"categories":[94],"tags":[],"class_list":["post-7516","post","type-post","status-publish","format-standard","has-post-thumbnail","hentry","category-gstf-fr"],"acf":[],"yoast_head":"<!-- This site is optimized with the Yoast SEO plugin v27.3 - https:\/\/yoast.com\/product\/yoast-seo-wordpress\/ -->\n<title>N\u00e9crologie pour Tashi Tsering - GSTF<\/title>\n<meta name=\"robots\" content=\"index, follow, max-snippet:-1, max-image-preview:large, max-video-preview:-1\" \/>\n<link rel=\"canonical\" href=\"https:\/\/gstf.org\/fr\/necrologie-pour-tashi-tsering\/\" \/>\n<meta property=\"og:locale\" content=\"fr_FR\" \/>\n<meta property=\"og:type\" content=\"article\" \/>\n<meta property=\"og:title\" content=\"N\u00e9crologie pour Tashi Tsering - GSTF\" \/>\n<meta property=\"og:description\" content=\"N\u00e9crologie du groupe Famille et enfants plac\u00e9s Discours comm\u00e9moratif de Kelsang Gyaltsen\" \/>\n<meta property=\"og:url\" content=\"https:\/\/gstf.org\/fr\/necrologie-pour-tashi-tsering\/\" \/>\n<meta property=\"og:site_name\" content=\"GSTF\" \/>\n<meta property=\"article:published_time\" content=\"2025-01-29T12:19:13+00:00\" \/>\n<meta property=\"article:modified_time\" content=\"2025-02-12T10:40:59+00:00\" \/>\n<meta property=\"og:image\" content=\"https:\/\/gstf.org\/wp-content\/uploads\/2025\/01\/JB2022_NWS_GSTF_Stand_Tibet_Fest_Lindenberg_Prio_1.jpg\" \/>\n\t<meta property=\"og:image:width\" content=\"2048\" \/>\n\t<meta property=\"og:image:height\" content=\"1536\" \/>\n\t<meta property=\"og:image:type\" content=\"image\/jpeg\" \/>\n<meta name=\"author\" content=\"GS\" \/>\n<meta name=\"twitter:card\" content=\"summary_large_image\" \/>\n<meta name=\"twitter:label1\" content=\"\u00c9crit par\" \/>\n\t<meta name=\"twitter:data1\" content=\"GS\" \/>\n\t<meta name=\"twitter:label2\" content=\"Dur\u00e9e de lecture estim\u00e9e\" \/>\n\t<meta name=\"twitter:data2\" content=\"1 minute\" \/>\n<script type=\"application\/ld+json\" class=\"yoast-schema-graph\">{\"@context\":\"https:\\\/\\\/schema.org\",\"@graph\":[{\"@type\":\"Article\",\"@id\":\"https:\\\/\\\/gstf.org\\\/fr\\\/necrologie-pour-tashi-tsering\\\/#article\",\"isPartOf\":{\"@id\":\"https:\\\/\\\/gstf.org\\\/fr\\\/necrologie-pour-tashi-tsering\\\/\"},\"author\":{\"name\":\"GS\",\"@id\":\"https:\\\/\\\/gstf.org\\\/fr\\\/#\\\/schema\\\/person\\\/33bf26005cf77590c905b4c1c3ba65a4\"},\"headline\":\"N\u00e9crologie pour Tashi Tsering\",\"datePublished\":\"2025-01-29T12:19:13+00:00\",\"dateModified\":\"2025-02-12T10:40:59+00:00\",\"mainEntityOfPage\":{\"@id\":\"https:\\\/\\\/gstf.org\\\/fr\\\/necrologie-pour-tashi-tsering\\\/\"},\"wordCount\":205,\"image\":{\"@id\":\"https:\\\/\\\/gstf.org\\\/fr\\\/necrologie-pour-tashi-tsering\\\/#primaryimage\"},\"thumbnailUrl\":\"https:\\\/\\\/gstf.org\\\/wp-content\\\/uploads\\\/2025\\\/01\\\/JB2022_NWS_GSTF_Stand_Tibet_Fest_Lindenberg_Prio_1.jpg\",\"articleSection\":[\"GSTF\"],\"inLanguage\":\"fr-FR\"},{\"@type\":\"WebPage\",\"@id\":\"https:\\\/\\\/gstf.org\\\/fr\\\/necrologie-pour-tashi-tsering\\\/\",\"url\":\"https:\\\/\\\/gstf.org\\\/fr\\\/necrologie-pour-tashi-tsering\\\/\",\"name\":\"N\u00e9crologie pour Tashi Tsering - GSTF\",\"isPartOf\":{\"@id\":\"https:\\\/\\\/gstf.org\\\/fr\\\/#website\"},\"primaryImageOfPage\":{\"@id\":\"https:\\\/\\\/gstf.org\\\/fr\\\/necrologie-pour-tashi-tsering\\\/#primaryimage\"},\"image\":{\"@id\":\"https:\\\/\\\/gstf.org\\\/fr\\\/necrologie-pour-tashi-tsering\\\/#primaryimage\"},\"thumbnailUrl\":\"https:\\\/\\\/gstf.org\\\/wp-content\\\/uploads\\\/2025\\\/01\\\/JB2022_NWS_GSTF_Stand_Tibet_Fest_Lindenberg_Prio_1.jpg\",\"datePublished\":\"2025-01-29T12:19:13+00:00\",\"dateModified\":\"2025-02-12T10:40:59+00:00\",\"author\":{\"@id\":\"https:\\\/\\\/gstf.org\\\/fr\\\/#\\\/schema\\\/person\\\/33bf26005cf77590c905b4c1c3ba65a4\"},\"breadcrumb\":{\"@id\":\"https:\\\/\\\/gstf.org\\\/fr\\\/necrologie-pour-tashi-tsering\\\/#breadcrumb\"},\"inLanguage\":\"fr-FR\",\"potentialAction\":[{\"@type\":\"ReadAction\",\"target\":[\"https:\\\/\\\/gstf.org\\\/fr\\\/necrologie-pour-tashi-tsering\\\/\"]}]},{\"@type\":\"ImageObject\",\"inLanguage\":\"fr-FR\",\"@id\":\"https:\\\/\\\/gstf.org\\\/fr\\\/necrologie-pour-tashi-tsering\\\/#primaryimage\",\"url\":\"https:\\\/\\\/gstf.org\\\/wp-content\\\/uploads\\\/2025\\\/01\\\/JB2022_NWS_GSTF_Stand_Tibet_Fest_Lindenberg_Prio_1.jpg\",\"contentUrl\":\"https:\\\/\\\/gstf.org\\\/wp-content\\\/uploads\\\/2025\\\/01\\\/JB2022_NWS_GSTF_Stand_Tibet_Fest_Lindenberg_Prio_1.jpg\",\"width\":2048,\"height\":1536},{\"@type\":\"BreadcrumbList\",\"@id\":\"https:\\\/\\\/gstf.org\\\/fr\\\/necrologie-pour-tashi-tsering\\\/#breadcrumb\",\"itemListElement\":[{\"@type\":\"ListItem\",\"position\":1,\"name\":\"Startseite\",\"item\":\"https:\\\/\\\/gstf.org\\\/fr\\\/page-daccueil\\\/\"},{\"@type\":\"ListItem\",\"position\":2,\"name\":\"N\u00e9crologie pour Tashi Tsering\"}]},{\"@type\":\"WebSite\",\"@id\":\"https:\\\/\\\/gstf.org\\\/fr\\\/#website\",\"url\":\"https:\\\/\\\/gstf.org\\\/fr\\\/\",\"name\":\"GSTF\",\"description\":\"Gesellschaft Schweizerisch-Tibetische Freundschaft\",\"potentialAction\":[{\"@type\":\"SearchAction\",\"target\":{\"@type\":\"EntryPoint\",\"urlTemplate\":\"https:\\\/\\\/gstf.org\\\/fr\\\/?s={search_term_string}\"},\"query-input\":{\"@type\":\"PropertyValueSpecification\",\"valueRequired\":true,\"valueName\":\"search_term_string\"}}],\"inLanguage\":\"fr-FR\"},{\"@type\":\"Person\",\"@id\":\"https:\\\/\\\/gstf.org\\\/fr\\\/#\\\/schema\\\/person\\\/33bf26005cf77590c905b4c1c3ba65a4\",\"name\":\"GS\",\"image\":{\"@type\":\"ImageObject\",\"inLanguage\":\"fr-FR\",\"@id\":\"https:\\\/\\\/secure.gravatar.com\\\/avatar\\\/8546b49f3c694d3705079c42c736bcafa5061cb5c69b427c6dec74f97077f191?s=96&d=mm&r=g\",\"url\":\"https:\\\/\\\/secure.gravatar.com\\\/avatar\\\/8546b49f3c694d3705079c42c736bcafa5061cb5c69b427c6dec74f97077f191?s=96&d=mm&r=g\",\"contentUrl\":\"https:\\\/\\\/secure.gravatar.com\\\/avatar\\\/8546b49f3c694d3705079c42c736bcafa5061cb5c69b427c6dec74f97077f191?s=96&d=mm&r=g\",\"caption\":\"GS\"},\"url\":\"https:\\\/\\\/gstf.org\\\/fr\\\/author\\\/bettina-eckert\\\/\"}]}<\/script>\n<!-- \/ Yoast SEO plugin. -->","yoast_head_json":{"title":"N\u00e9crologie pour Tashi Tsering - GSTF","robots":{"index":"index","follow":"follow","max-snippet":"max-snippet:-1","max-image-preview":"max-image-preview:large","max-video-preview":"max-video-preview:-1"},"canonical":"https:\/\/gstf.org\/fr\/necrologie-pour-tashi-tsering\/","og_locale":"fr_FR","og_type":"article","og_title":"N\u00e9crologie pour Tashi Tsering - GSTF","og_description":"N\u00e9crologie du groupe Famille et enfants plac\u00e9s Discours comm\u00e9moratif de Kelsang Gyaltsen","og_url":"https:\/\/gstf.org\/fr\/necrologie-pour-tashi-tsering\/","og_site_name":"GSTF","article_published_time":"2025-01-29T12:19:13+00:00","article_modified_time":"2025-02-12T10:40:59+00:00","og_image":[{"width":2048,"height":1536,"url":"https:\/\/gstf.org\/wp-content\/uploads\/2025\/01\/JB2022_NWS_GSTF_Stand_Tibet_Fest_Lindenberg_Prio_1.jpg","type":"image\/jpeg"}],"author":"GS","twitter_card":"summary_large_image","twitter_misc":{"\u00c9crit par":"GS","Dur\u00e9e de lecture estim\u00e9e":"1 minute"},"schema":{"@context":"https:\/\/schema.org","@graph":[{"@type":"Article","@id":"https:\/\/gstf.org\/fr\/necrologie-pour-tashi-tsering\/#article","isPartOf":{"@id":"https:\/\/gstf.org\/fr\/necrologie-pour-tashi-tsering\/"},"author":{"name":"GS","@id":"https:\/\/gstf.org\/fr\/#\/schema\/person\/33bf26005cf77590c905b4c1c3ba65a4"},"headline":"N\u00e9crologie pour Tashi Tsering","datePublished":"2025-01-29T12:19:13+00:00","dateModified":"2025-02-12T10:40:59+00:00","mainEntityOfPage":{"@id":"https:\/\/gstf.org\/fr\/necrologie-pour-tashi-tsering\/"},"wordCount":205,"image":{"@id":"https:\/\/gstf.org\/fr\/necrologie-pour-tashi-tsering\/#primaryimage"},"thumbnailUrl":"https:\/\/gstf.org\/wp-content\/uploads\/2025\/01\/JB2022_NWS_GSTF_Stand_Tibet_Fest_Lindenberg_Prio_1.jpg","articleSection":["GSTF"],"inLanguage":"fr-FR"},{"@type":"WebPage","@id":"https:\/\/gstf.org\/fr\/necrologie-pour-tashi-tsering\/","url":"https:\/\/gstf.org\/fr\/necrologie-pour-tashi-tsering\/","name":"N\u00e9crologie pour Tashi Tsering - GSTF","isPartOf":{"@id":"https:\/\/gstf.org\/fr\/#website"},"primaryImageOfPage":{"@id":"https:\/\/gstf.org\/fr\/necrologie-pour-tashi-tsering\/#primaryimage"},"image":{"@id":"https:\/\/gstf.org\/fr\/necrologie-pour-tashi-tsering\/#primaryimage"},"thumbnailUrl":"https:\/\/gstf.org\/wp-content\/uploads\/2025\/01\/JB2022_NWS_GSTF_Stand_Tibet_Fest_Lindenberg_Prio_1.jpg","datePublished":"2025-01-29T12:19:13+00:00","dateModified":"2025-02-12T10:40:59+00:00","author":{"@id":"https:\/\/gstf.org\/fr\/#\/schema\/person\/33bf26005cf77590c905b4c1c3ba65a4"},"breadcrumb":{"@id":"https:\/\/gstf.org\/fr\/necrologie-pour-tashi-tsering\/#breadcrumb"},"inLanguage":"fr-FR","potentialAction":[{"@type":"ReadAction","target":["https:\/\/gstf.org\/fr\/necrologie-pour-tashi-tsering\/"]}]},{"@type":"ImageObject","inLanguage":"fr-FR","@id":"https:\/\/gstf.org\/fr\/necrologie-pour-tashi-tsering\/#primaryimage","url":"https:\/\/gstf.org\/wp-content\/uploads\/2025\/01\/JB2022_NWS_GSTF_Stand_Tibet_Fest_Lindenberg_Prio_1.jpg","contentUrl":"https:\/\/gstf.org\/wp-content\/uploads\/2025\/01\/JB2022_NWS_GSTF_Stand_Tibet_Fest_Lindenberg_Prio_1.jpg","width":2048,"height":1536},{"@type":"BreadcrumbList","@id":"https:\/\/gstf.org\/fr\/necrologie-pour-tashi-tsering\/#breadcrumb","itemListElement":[{"@type":"ListItem","position":1,"name":"Startseite","item":"https:\/\/gstf.org\/fr\/page-daccueil\/"},{"@type":"ListItem","position":2,"name":"N\u00e9crologie pour Tashi Tsering"}]},{"@type":"WebSite","@id":"https:\/\/gstf.org\/fr\/#website","url":"https:\/\/gstf.org\/fr\/","name":"GSTF","description":"Gesellschaft Schweizerisch-Tibetische Freundschaft","potentialAction":[{"@type":"SearchAction","target":{"@type":"EntryPoint","urlTemplate":"https:\/\/gstf.org\/fr\/?s={search_term_string}"},"query-input":{"@type":"PropertyValueSpecification","valueRequired":true,"valueName":"search_term_string"}}],"inLanguage":"fr-FR"},{"@type":"Person","@id":"https:\/\/gstf.org\/fr\/#\/schema\/person\/33bf26005cf77590c905b4c1c3ba65a4","name":"GS","image":{"@type":"ImageObject","inLanguage":"fr-FR","@id":"https:\/\/secure.gravatar.com\/avatar\/8546b49f3c694d3705079c42c736bcafa5061cb5c69b427c6dec74f97077f191?s=96&d=mm&r=g","url":"https:\/\/secure.gravatar.com\/avatar\/8546b49f3c694d3705079c42c736bcafa5061cb5c69b427c6dec74f97077f191?s=96&d=mm&r=g","contentUrl":"https:\/\/secure.gravatar.com\/avatar\/8546b49f3c694d3705079c42c736bcafa5061cb5c69b427c6dec74f97077f191?s=96&d=mm&r=g","caption":"GS"},"url":"https:\/\/gstf.org\/fr\/author\/bettina-eckert\/"}]}},"_links":{"self":[{"href":"https:\/\/gstf.org\/fr\/wp-json\/wp\/v2\/posts\/7516","targetHints":{"allow":["GET"]}}],"collection":[{"href":"https:\/\/gstf.org\/fr\/wp-json\/wp\/v2\/posts"}],"about":[{"href":"https:\/\/gstf.org\/fr\/wp-json\/wp\/v2\/types\/post"}],"author":[{"embeddable":true,"href":"https:\/\/gstf.org\/fr\/wp-json\/wp\/v2\/users\/3"}],"replies":[{"embeddable":true,"href":"https:\/\/gstf.org\/fr\/wp-json\/wp\/v2\/comments?post=7516"}],"version-history":[{"count":6,"href":"https:\/\/gstf.org\/fr\/wp-json\/wp\/v2\/posts\/7516\/revisions"}],"predecessor-version":[{"id":7598,"href":"https:\/\/gstf.org\/fr\/wp-json\/wp\/v2\/posts\/7516\/revisions\/7598"}],"wp:featuredmedia":[{"embeddable":true,"href":"https:\/\/gstf.org\/fr\/wp-json\/wp\/v2\/media\/7510"}],"wp:attachment":[{"href":"https:\/\/gstf.org\/fr\/wp-json\/wp\/v2\/media?parent=7516"}],"wp:term":[{"taxonomy":"category","embeddable":true,"href":"https:\/\/gstf.org\/fr\/wp-json\/wp\/v2\/categories?post=7516"},{"taxonomy":"post_tag","embeddable":true,"href":"https:\/\/gstf.org\/fr\/wp-json\/wp\/v2\/tags?post=7516"}],"curies":[{"name":"wp","href":"https:\/\/api.w.org\/{rel}","templated":true}]}}