{"id":7592,"date":"2025-02-10T13:01:09","date_gmt":"2025-02-10T12:01:09","guid":{"rendered":"https:\/\/gstf.org\/avis-de-vacance-coordinateurin-sast-bureau\/"},"modified":"2025-02-10T13:27:01","modified_gmt":"2025-02-10T12:27:01","slug":"avis-de-vacance-coordinateurin-sast-bureau","status":"publish","type":"post","link":"https:\/\/gstf.org\/fr\/avis-de-vacance-coordinateurin-sast-bureau\/","title":{"rendered":"Avis de vacance : Coordinateur:in SAST-Bureau"},"content":{"rendered":"\n<p><strong>Construisez l&rsquo;avenir avec nous &#8211;<\/strong><br\/><strong>Coordinateur(trice) (40-60%) recherch\u00e9(e) pour le bureau SAST!<\/strong><br\/><strong> <\/strong><br\/>Depuis 1983, Soci\u00e9t\u00e9 d\u2019Amiti\u00e9 Suisse-Tib\u00e9taine (SAST) s&rsquo;engage avec passion pour le mouvement non-violent du peuple tib\u00e9tain et la pr\u00e9servation de sa culture. Avec environ 1 500 membres, nous sommes la plus grande ONG pour le Tibet en Suisse &#8211; une communaut\u00e9 forte, caract\u00e9ris\u00e9e par l&rsquo;engagement et le c\u0153ur. <br\/> <br\/><strong>Notre offre :<\/strong><br\/>Chez nous, vous trouverez un poste \u00e0 responsabilit\u00e9 et polyvalent qui laisse une grande place \u00e0 la cr\u00e9ativit\u00e9, \u00e0 l&rsquo;initiative et au d\u00e9veloppement. Vous ferez partie d&rsquo;une \u00e9quipe engag\u00e9e qui s&rsquo;investit corps et \u00e2me dans une cause significative. <br\/><br\/><strong>Ton r\u00f4le :<\/strong><br\/>En tant que coordinateur(trice), tu es la pi\u00e8ce ma\u00eetresse de notre bureau de Zurich Binz. Dans ce r\u00f4le passionnant et vari\u00e9, tu assumeras notamment les t\u00e2ches suivantes : <\/p>\n\n<ul class=\"wp-block-list\">\n<li><strong>Organisation &amp; administration :<\/strong> vous g\u00e9rez notre secr\u00e9tariat, \u00eates responsable de la comptabilit\u00e9 et veillez \u00e0 ce que la boutique tourne.<\/li>\n\n\n\n<li><strong>Communication :<\/strong> vous g\u00e9rez notre site web, vous vous occupez de nos canaux de m\u00e9dias sociaux, vous cr\u00e9ez la newsletter mensuelle et vous \u00eates la premi\u00e8re personne de contact pour les membres et les partenaires.<\/li>\n\n\n\n<li><strong>\u00c9v\u00e9nements et actions :<\/strong> Vous coordonnez les activit\u00e9s de l&rsquo;association, organisez des campagnes et des \u00e9v\u00e9nements et soumettez de nouvelles id\u00e9es de campagnes au conseil d&rsquo;administration.<\/li>\n\n\n\n<li><strong>Collaboration :<\/strong> vous travaillez en \u00e9troite collaboration avec le comit\u00e9 directeur et les sections, pr\u00e9parez les r\u00e9unions et \u00eates responsable de la r\u00e9daction des proc\u00e8s-verbaux.<\/li>\n<\/ul>\n\n<p>Si vous \u00eates int\u00e9ress\u00e9(e), vous pouvez \u00e9galement participer \u00e0 la conception et \u00e0 la coordination de notre magazine <em>tibetfocus<\/em> &#8211; vous aurez ainsi l&rsquo;occasion d&rsquo;\u00eatre cr\u00e9atif(ve) et de concevoir des contenus passionnants.<br\/><br\/><strong>Votre profil :<\/strong><br\/>Vous \u00eates une personne pleine d&rsquo;initiative, flexible et passionn\u00e9e par ce que vous faites.<br\/>Ce que vous devez apporter :<\/p>\n\n<ul class=\"wp-block-list\">\n<li><strong>Exp\u00e9rience &amp; savoir-faire :<\/strong> une formation commerciale de base et une pratique dans un poste similaire.<\/li>\n\n\n\n<li><strong>Comp\u00e9tences techniques :<\/strong> vous \u00eates \u00e0 l&rsquo;aise avec WordPress, les m\u00e9dias sociaux et les applications informatiques.<\/li>\n\n\n\n<li><strong>Talent linguistique :<\/strong> vous ma\u00eetrisez parfaitement l&rsquo;allemand, l&rsquo;anglais et le fran\u00e7ais sont un plus.<\/li>\n\n\n\n<li><strong>Points forts personnels :<\/strong> Fiabilit\u00e9, sens de l&rsquo;organisation et go\u00fbt pour le travail en \u00e9quipe.<\/li>\n\n\n\n<li><strong>Engagement :<\/strong> vous vous identifiez \u00e0 nos objectifs et souhaitez vous engager activement pour le Tibet.<\/li>\n\n\n\n<li><strong>Travailler de mani\u00e8re autonome :<\/strong> Vous avez l&rsquo;habitude de travailler de mani\u00e8re autonome.<\/li>\n<\/ul>\n\n<p><strong>Ce que nous vous offrons :<\/strong><\/p>\n\n<ul class=\"wp-block-list\">\n<li>Un <strong>travail qui a du sens<\/strong> et une grande libert\u00e9 d&rsquo;action.<\/li>\n\n\n\n<li>Horaires de travail flexibles et possibilit\u00e9 de travailler en partie <strong>\u00e0 domicile<\/strong>.<\/li>\n\n\n\n<li>Des projets, des \u00e9v\u00e9nements et des campagnes passionnants, qui peuvent avoir lieu le soir ou le week-end.<\/li>\n\n\n\n<li>Un environnement ouvert et coll\u00e9gial dans lequel vous pouvez vous \u00e9panouir.<\/li>\n<\/ul>\n\n<p><\/p>\n\n<p><strong>Postulez d\u00e8s maintenant !<\/strong><\/p>\n\n<p>Nous avons \u00e9veill\u00e9 votre int\u00e9r\u00eat ?<\/p>\n\n<p>Alors rejoignez notre \u00e9quipe et construisez l&rsquo;avenir avec nous ! Envoyez-nous votre candidature avant le <strong>31 mars 2025<\/strong> \u00e0 l&rsquo;adresse suivante : <strong><a href=\"mailto:bewerbungen@gstf.org\">bewerbungen@gstf.org<\/a><\/strong>. <\/p>\n\n<p>La proc\u00e9dure de s\u00e9lection aura lieu en avril 2025.<\/p>\n\n<p>Si vous avez des questions, n&rsquo;h\u00e9sitez pas \u00e0 nous contacter : <strong><a href=\"mailto:vorstand@gstf.org\">vorstand@gstf.org<\/a><\/strong>. Nous sommes impatients de vous rencontrer ! <\/p>\n\n<p><\/p>\n\n<p><strong><a href=\"https:\/\/gstf.org\/wp-content\/uploads\/2025\/02\/GSTF_Stellenausschreibung_KoordinationGS_2025.pdf\">Offre d&#8217;emploi<\/a><\/strong><\/p>\n\n<p><\/p>\n","protected":false},"excerpt":{"rendered":"<p>Construisez l&rsquo;avenir avec nous &#8211;Coordinateur(trice) (40-60%) recherch\u00e9(e) pour le bureau SAST! Depuis 1983, Soci\u00e9t\u00e9 d\u2019Amiti\u00e9 Suisse-Tib\u00e9taine (SAST) s&rsquo;engage avec passion pour le mouvement non-violent du peuple tib\u00e9tain et la pr\u00e9servation de sa culture. Avec environ 1 500 membres, nous sommes la plus grande ONG pour le Tibet en Suisse &#8211; une communaut\u00e9 forte, caract\u00e9ris\u00e9e par [&hellip;]<\/p>\n","protected":false},"author":3,"featured_media":7591,"comment_status":"closed","ping_status":"closed","sticky":false,"template":"","format":"standard","meta":{"_acf_changed":false,"inline_featured_image":false,"footnotes":""},"categories":[94],"tags":[],"class_list":["post-7592","post","type-post","status-publish","format-standard","has-post-thumbnail","hentry","category-gstf-fr"],"acf":[],"yoast_head":"<!-- This site is optimized with the Yoast SEO plugin v27.3 - https:\/\/yoast.com\/product\/yoast-seo-wordpress\/ -->\n<title>Avis de vacance : Coordinateur:in SAST-Bureau - GSTF<\/title>\n<meta name=\"robots\" content=\"index, follow, max-snippet:-1, max-image-preview:large, max-video-preview:-1\" \/>\n<link rel=\"canonical\" href=\"https:\/\/gstf.org\/fr\/avis-de-vacance-coordinateurin-sast-bureau\/\" \/>\n<meta property=\"og:locale\" content=\"fr_FR\" \/>\n<meta property=\"og:type\" content=\"article\" \/>\n<meta property=\"og:title\" content=\"Avis de vacance : Coordinateur:in SAST-Bureau - GSTF\" \/>\n<meta property=\"og:description\" content=\"Construisez l&rsquo;avenir avec nous &#8211;Coordinateur(trice) (40-60%) recherch\u00e9(e) pour le bureau SAST! Depuis 1983, Soci\u00e9t\u00e9 d\u2019Amiti\u00e9 Suisse-Tib\u00e9taine (SAST) s&rsquo;engage avec passion pour le mouvement non-violent du peuple tib\u00e9tain et la pr\u00e9servation de sa culture. Avec environ 1 500 membres, nous sommes la plus grande ONG pour le Tibet en Suisse &#8211; une communaut\u00e9 forte, caract\u00e9ris\u00e9e par [&hellip;]\" \/>\n<meta property=\"og:url\" content=\"https:\/\/gstf.org\/fr\/avis-de-vacance-coordinateurin-sast-bureau\/\" \/>\n<meta property=\"og:site_name\" content=\"GSTF\" \/>\n<meta property=\"article:published_time\" content=\"2025-02-10T12:01:09+00:00\" \/>\n<meta property=\"article:modified_time\" content=\"2025-02-10T12:27:01+00:00\" \/>\n<meta property=\"og:image\" content=\"https:\/\/gstf.org\/wp-content\/uploads\/2025\/02\/Kopie-von-Koordinatorin-1200-x-900-px.png\" \/>\n\t<meta property=\"og:image:width\" content=\"1200\" \/>\n\t<meta property=\"og:image:height\" content=\"900\" \/>\n\t<meta property=\"og:image:type\" content=\"image\/png\" \/>\n<meta name=\"author\" content=\"GS\" \/>\n<meta name=\"twitter:card\" content=\"summary_large_image\" \/>\n<meta name=\"twitter:label1\" content=\"\u00c9crit par\" \/>\n\t<meta name=\"twitter:data1\" content=\"GS\" \/>\n\t<meta name=\"twitter:label2\" content=\"Dur\u00e9e de lecture estim\u00e9e\" \/>\n\t<meta name=\"twitter:data2\" content=\"3 minutes\" \/>\n<script type=\"application\/ld+json\" class=\"yoast-schema-graph\">{\"@context\":\"https:\\\/\\\/schema.org\",\"@graph\":[{\"@type\":\"Article\",\"@id\":\"https:\\\/\\\/gstf.org\\\/fr\\\/avis-de-vacance-coordinateurin-sast-bureau\\\/#article\",\"isPartOf\":{\"@id\":\"https:\\\/\\\/gstf.org\\\/fr\\\/avis-de-vacance-coordinateurin-sast-bureau\\\/\"},\"author\":{\"name\":\"GS\",\"@id\":\"https:\\\/\\\/gstf.org\\\/fr\\\/#\\\/schema\\\/person\\\/33bf26005cf77590c905b4c1c3ba65a4\"},\"headline\":\"Avis de vacance : Coordinateur:in SAST-Bureau\",\"datePublished\":\"2025-02-10T12:01:09+00:00\",\"dateModified\":\"2025-02-10T12:27:01+00:00\",\"mainEntityOfPage\":{\"@id\":\"https:\\\/\\\/gstf.org\\\/fr\\\/avis-de-vacance-coordinateurin-sast-bureau\\\/\"},\"wordCount\":550,\"image\":{\"@id\":\"https:\\\/\\\/gstf.org\\\/fr\\\/avis-de-vacance-coordinateurin-sast-bureau\\\/#primaryimage\"},\"thumbnailUrl\":\"https:\\\/\\\/gstf.org\\\/wp-content\\\/uploads\\\/2025\\\/02\\\/Kopie-von-Koordinatorin-1200-x-900-px.png\",\"articleSection\":[\"GSTF\"],\"inLanguage\":\"fr-FR\"},{\"@type\":\"WebPage\",\"@id\":\"https:\\\/\\\/gstf.org\\\/fr\\\/avis-de-vacance-coordinateurin-sast-bureau\\\/\",\"url\":\"https:\\\/\\\/gstf.org\\\/fr\\\/avis-de-vacance-coordinateurin-sast-bureau\\\/\",\"name\":\"Avis de vacance : Coordinateur:in SAST-Bureau - GSTF\",\"isPartOf\":{\"@id\":\"https:\\\/\\\/gstf.org\\\/fr\\\/#website\"},\"primaryImageOfPage\":{\"@id\":\"https:\\\/\\\/gstf.org\\\/fr\\\/avis-de-vacance-coordinateurin-sast-bureau\\\/#primaryimage\"},\"image\":{\"@id\":\"https:\\\/\\\/gstf.org\\\/fr\\\/avis-de-vacance-coordinateurin-sast-bureau\\\/#primaryimage\"},\"thumbnailUrl\":\"https:\\\/\\\/gstf.org\\\/wp-content\\\/uploads\\\/2025\\\/02\\\/Kopie-von-Koordinatorin-1200-x-900-px.png\",\"datePublished\":\"2025-02-10T12:01:09+00:00\",\"dateModified\":\"2025-02-10T12:27:01+00:00\",\"author\":{\"@id\":\"https:\\\/\\\/gstf.org\\\/fr\\\/#\\\/schema\\\/person\\\/33bf26005cf77590c905b4c1c3ba65a4\"},\"breadcrumb\":{\"@id\":\"https:\\\/\\\/gstf.org\\\/fr\\\/avis-de-vacance-coordinateurin-sast-bureau\\\/#breadcrumb\"},\"inLanguage\":\"fr-FR\",\"potentialAction\":[{\"@type\":\"ReadAction\",\"target\":[\"https:\\\/\\\/gstf.org\\\/fr\\\/avis-de-vacance-coordinateurin-sast-bureau\\\/\"]}]},{\"@type\":\"ImageObject\",\"inLanguage\":\"fr-FR\",\"@id\":\"https:\\\/\\\/gstf.org\\\/fr\\\/avis-de-vacance-coordinateurin-sast-bureau\\\/#primaryimage\",\"url\":\"https:\\\/\\\/gstf.org\\\/wp-content\\\/uploads\\\/2025\\\/02\\\/Kopie-von-Koordinatorin-1200-x-900-px.png\",\"contentUrl\":\"https:\\\/\\\/gstf.org\\\/wp-content\\\/uploads\\\/2025\\\/02\\\/Kopie-von-Koordinatorin-1200-x-900-px.png\",\"width\":1200,\"height\":900},{\"@type\":\"BreadcrumbList\",\"@id\":\"https:\\\/\\\/gstf.org\\\/fr\\\/avis-de-vacance-coordinateurin-sast-bureau\\\/#breadcrumb\",\"itemListElement\":[{\"@type\":\"ListItem\",\"position\":1,\"name\":\"Startseite\",\"item\":\"https:\\\/\\\/gstf.org\\\/fr\\\/page-daccueil\\\/\"},{\"@type\":\"ListItem\",\"position\":2,\"name\":\"Avis de vacance : Coordinateur:in SAST-Bureau\"}]},{\"@type\":\"WebSite\",\"@id\":\"https:\\\/\\\/gstf.org\\\/fr\\\/#website\",\"url\":\"https:\\\/\\\/gstf.org\\\/fr\\\/\",\"name\":\"GSTF\",\"description\":\"Gesellschaft Schweizerisch-Tibetische Freundschaft\",\"potentialAction\":[{\"@type\":\"SearchAction\",\"target\":{\"@type\":\"EntryPoint\",\"urlTemplate\":\"https:\\\/\\\/gstf.org\\\/fr\\\/?s={search_term_string}\"},\"query-input\":{\"@type\":\"PropertyValueSpecification\",\"valueRequired\":true,\"valueName\":\"search_term_string\"}}],\"inLanguage\":\"fr-FR\"},{\"@type\":\"Person\",\"@id\":\"https:\\\/\\\/gstf.org\\\/fr\\\/#\\\/schema\\\/person\\\/33bf26005cf77590c905b4c1c3ba65a4\",\"name\":\"GS\",\"image\":{\"@type\":\"ImageObject\",\"inLanguage\":\"fr-FR\",\"@id\":\"https:\\\/\\\/secure.gravatar.com\\\/avatar\\\/8546b49f3c694d3705079c42c736bcafa5061cb5c69b427c6dec74f97077f191?s=96&d=mm&r=g\",\"url\":\"https:\\\/\\\/secure.gravatar.com\\\/avatar\\\/8546b49f3c694d3705079c42c736bcafa5061cb5c69b427c6dec74f97077f191?s=96&d=mm&r=g\",\"contentUrl\":\"https:\\\/\\\/secure.gravatar.com\\\/avatar\\\/8546b49f3c694d3705079c42c736bcafa5061cb5c69b427c6dec74f97077f191?s=96&d=mm&r=g\",\"caption\":\"GS\"},\"url\":\"https:\\\/\\\/gstf.org\\\/fr\\\/author\\\/bettina-eckert\\\/\"}]}<\/script>\n<!-- \/ Yoast SEO plugin. -->","yoast_head_json":{"title":"Avis de vacance : Coordinateur:in SAST-Bureau - GSTF","robots":{"index":"index","follow":"follow","max-snippet":"max-snippet:-1","max-image-preview":"max-image-preview:large","max-video-preview":"max-video-preview:-1"},"canonical":"https:\/\/gstf.org\/fr\/avis-de-vacance-coordinateurin-sast-bureau\/","og_locale":"fr_FR","og_type":"article","og_title":"Avis de vacance : Coordinateur:in SAST-Bureau - GSTF","og_description":"Construisez l&rsquo;avenir avec nous &#8211;Coordinateur(trice) (40-60%) recherch\u00e9(e) pour le bureau SAST! Depuis 1983, Soci\u00e9t\u00e9 d\u2019Amiti\u00e9 Suisse-Tib\u00e9taine (SAST) s&rsquo;engage avec passion pour le mouvement non-violent du peuple tib\u00e9tain et la pr\u00e9servation de sa culture. Avec environ 1 500 membres, nous sommes la plus grande ONG pour le Tibet en Suisse &#8211; une communaut\u00e9 forte, caract\u00e9ris\u00e9e par [&hellip;]","og_url":"https:\/\/gstf.org\/fr\/avis-de-vacance-coordinateurin-sast-bureau\/","og_site_name":"GSTF","article_published_time":"2025-02-10T12:01:09+00:00","article_modified_time":"2025-02-10T12:27:01+00:00","og_image":[{"width":1200,"height":900,"url":"https:\/\/gstf.org\/wp-content\/uploads\/2025\/02\/Kopie-von-Koordinatorin-1200-x-900-px.png","type":"image\/png"}],"author":"GS","twitter_card":"summary_large_image","twitter_misc":{"\u00c9crit par":"GS","Dur\u00e9e de lecture estim\u00e9e":"3 minutes"},"schema":{"@context":"https:\/\/schema.org","@graph":[{"@type":"Article","@id":"https:\/\/gstf.org\/fr\/avis-de-vacance-coordinateurin-sast-bureau\/#article","isPartOf":{"@id":"https:\/\/gstf.org\/fr\/avis-de-vacance-coordinateurin-sast-bureau\/"},"author":{"name":"GS","@id":"https:\/\/gstf.org\/fr\/#\/schema\/person\/33bf26005cf77590c905b4c1c3ba65a4"},"headline":"Avis de vacance : Coordinateur:in SAST-Bureau","datePublished":"2025-02-10T12:01:09+00:00","dateModified":"2025-02-10T12:27:01+00:00","mainEntityOfPage":{"@id":"https:\/\/gstf.org\/fr\/avis-de-vacance-coordinateurin-sast-bureau\/"},"wordCount":550,"image":{"@id":"https:\/\/gstf.org\/fr\/avis-de-vacance-coordinateurin-sast-bureau\/#primaryimage"},"thumbnailUrl":"https:\/\/gstf.org\/wp-content\/uploads\/2025\/02\/Kopie-von-Koordinatorin-1200-x-900-px.png","articleSection":["GSTF"],"inLanguage":"fr-FR"},{"@type":"WebPage","@id":"https:\/\/gstf.org\/fr\/avis-de-vacance-coordinateurin-sast-bureau\/","url":"https:\/\/gstf.org\/fr\/avis-de-vacance-coordinateurin-sast-bureau\/","name":"Avis de vacance : Coordinateur:in SAST-Bureau - GSTF","isPartOf":{"@id":"https:\/\/gstf.org\/fr\/#website"},"primaryImageOfPage":{"@id":"https:\/\/gstf.org\/fr\/avis-de-vacance-coordinateurin-sast-bureau\/#primaryimage"},"image":{"@id":"https:\/\/gstf.org\/fr\/avis-de-vacance-coordinateurin-sast-bureau\/#primaryimage"},"thumbnailUrl":"https:\/\/gstf.org\/wp-content\/uploads\/2025\/02\/Kopie-von-Koordinatorin-1200-x-900-px.png","datePublished":"2025-02-10T12:01:09+00:00","dateModified":"2025-02-10T12:27:01+00:00","author":{"@id":"https:\/\/gstf.org\/fr\/#\/schema\/person\/33bf26005cf77590c905b4c1c3ba65a4"},"breadcrumb":{"@id":"https:\/\/gstf.org\/fr\/avis-de-vacance-coordinateurin-sast-bureau\/#breadcrumb"},"inLanguage":"fr-FR","potentialAction":[{"@type":"ReadAction","target":["https:\/\/gstf.org\/fr\/avis-de-vacance-coordinateurin-sast-bureau\/"]}]},{"@type":"ImageObject","inLanguage":"fr-FR","@id":"https:\/\/gstf.org\/fr\/avis-de-vacance-coordinateurin-sast-bureau\/#primaryimage","url":"https:\/\/gstf.org\/wp-content\/uploads\/2025\/02\/Kopie-von-Koordinatorin-1200-x-900-px.png","contentUrl":"https:\/\/gstf.org\/wp-content\/uploads\/2025\/02\/Kopie-von-Koordinatorin-1200-x-900-px.png","width":1200,"height":900},{"@type":"BreadcrumbList","@id":"https:\/\/gstf.org\/fr\/avis-de-vacance-coordinateurin-sast-bureau\/#breadcrumb","itemListElement":[{"@type":"ListItem","position":1,"name":"Startseite","item":"https:\/\/gstf.org\/fr\/page-daccueil\/"},{"@type":"ListItem","position":2,"name":"Avis de vacance : Coordinateur:in SAST-Bureau"}]},{"@type":"WebSite","@id":"https:\/\/gstf.org\/fr\/#website","url":"https:\/\/gstf.org\/fr\/","name":"GSTF","description":"Gesellschaft Schweizerisch-Tibetische Freundschaft","potentialAction":[{"@type":"SearchAction","target":{"@type":"EntryPoint","urlTemplate":"https:\/\/gstf.org\/fr\/?s={search_term_string}"},"query-input":{"@type":"PropertyValueSpecification","valueRequired":true,"valueName":"search_term_string"}}],"inLanguage":"fr-FR"},{"@type":"Person","@id":"https:\/\/gstf.org\/fr\/#\/schema\/person\/33bf26005cf77590c905b4c1c3ba65a4","name":"GS","image":{"@type":"ImageObject","inLanguage":"fr-FR","@id":"https:\/\/secure.gravatar.com\/avatar\/8546b49f3c694d3705079c42c736bcafa5061cb5c69b427c6dec74f97077f191?s=96&d=mm&r=g","url":"https:\/\/secure.gravatar.com\/avatar\/8546b49f3c694d3705079c42c736bcafa5061cb5c69b427c6dec74f97077f191?s=96&d=mm&r=g","contentUrl":"https:\/\/secure.gravatar.com\/avatar\/8546b49f3c694d3705079c42c736bcafa5061cb5c69b427c6dec74f97077f191?s=96&d=mm&r=g","caption":"GS"},"url":"https:\/\/gstf.org\/fr\/author\/bettina-eckert\/"}]}},"_links":{"self":[{"href":"https:\/\/gstf.org\/fr\/wp-json\/wp\/v2\/posts\/7592","targetHints":{"allow":["GET"]}}],"collection":[{"href":"https:\/\/gstf.org\/fr\/wp-json\/wp\/v2\/posts"}],"about":[{"href":"https:\/\/gstf.org\/fr\/wp-json\/wp\/v2\/types\/post"}],"author":[{"embeddable":true,"href":"https:\/\/gstf.org\/fr\/wp-json\/wp\/v2\/users\/3"}],"replies":[{"embeddable":true,"href":"https:\/\/gstf.org\/fr\/wp-json\/wp\/v2\/comments?post=7592"}],"version-history":[{"count":1,"href":"https:\/\/gstf.org\/fr\/wp-json\/wp\/v2\/posts\/7592\/revisions"}],"predecessor-version":[{"id":7593,"href":"https:\/\/gstf.org\/fr\/wp-json\/wp\/v2\/posts\/7592\/revisions\/7593"}],"wp:featuredmedia":[{"embeddable":true,"href":"https:\/\/gstf.org\/fr\/wp-json\/wp\/v2\/media\/7591"}],"wp:attachment":[{"href":"https:\/\/gstf.org\/fr\/wp-json\/wp\/v2\/media?parent=7592"}],"wp:term":[{"taxonomy":"category","embeddable":true,"href":"https:\/\/gstf.org\/fr\/wp-json\/wp\/v2\/categories?post=7592"},{"taxonomy":"post_tag","embeddable":true,"href":"https:\/\/gstf.org\/fr\/wp-json\/wp\/v2\/tags?post=7592"}],"curies":[{"name":"wp","href":"https:\/\/api.w.org\/{rel}","templated":true}]}}